{"id":3022,"date":"2025-09-21T18:14:00","date_gmt":"2025-09-21T21:14:00","guid":{"rendered":"https:\/\/www.clasicosnoticias.com.ar\/?p=3022"},"modified":"2025-09-21T18:14:00","modified_gmt":"2025-09-21T21:14:00","slug":"claudio-vidal-acuso-a-cristina-y-maximo-kirchner-de-dar-un-golpe-judicial-en-santa-cruz-la-nacion","status":"publish","type":"post","link":"https:\/\/www.clasicosnoticias.com.ar\/?p=3022","title":{"rendered":"Claudio Vidal acus\u00f3 a Cristina y M\u00e1ximo Kirchner de dar un \u201cgolpe judicial\u201d en Santa Cruz &#8211; La Naci\u00f3n"},"content":{"rendered":"<p>Claudio Vidal acus\u00f3 a Cristina y M\u00e1ximo Kirchner de dar un \u201cgolpe judicial\u201d en Santa Cruz\u00a0\u00a0La Naci\u00f3n<br \/>\n&#8220;\u00bfCu\u00e1l es el l\u00edmite, CFK?&#8221;: el gobernador de Santa Cruz denunci\u00f3 un \u201cgolpe judicial\u201d orquestado por Cristina y&#8230;\u00a0\u00a0Perfil<br \/>\nEn plena crisis social, la reforma judicial de Santa Cruz costar\u00e1 $4.500 millones\u00a0\u00a0Infobae<br \/>\nClaudio Vidal acus\u00f3 a CFK y a M\u00e1ximo Kirchner de operar un &#8220;golpe&#8221; contra la reforma judicial en Santa Cruz\u00a0\u00a0Letra P<br \/>\nDaniel Peralta cuestion\u00f3 la cautelar que fren\u00f3 una ley y advirti\u00f3 sobre el avance judicial\u00a0\u00a0patagonianexo<\/p>\n","protected":false},"excerpt":{"rendered":"<p>Claudio Vidal acus\u00f3 a Cristina y M\u00e1ximo Kirchner de dar un \u201cgolpe judicial\u201d en Santa Cruz\u00a0\u00a0La Naci\u00f3n &#8220;\u00bfCu\u00e1l<\/p>\n","protected":false},"author":1,"featured_media":0,"comment_status":"open","ping_status":"open","sticky":false,"template":"","format":"standard","meta":{"footnotes":""},"categories":[1],"tags":[],"class_list":["post-3022","post","type-post","status-publish","format-standard","hentry","category-sincategoria"],"_links":{"self":[{"href":"https:\/\/www.clasicosnoticias.com.ar\/index.php?rest_route=\/wp\/v2\/posts\/3022","targetHints":{"allow":["GET"]}}],"collection":[{"href":"https:\/\/www.clasicosnoticias.com.ar\/index.php?rest_route=\/wp\/v2\/posts"}],"about":[{"href":"https:\/\/www.clasicosnoticias.com.ar\/index.php?rest_route=\/wp\/v2\/types\/post"}],"author":[{"embeddable":true,"href":"https:\/\/www.clasicosnoticias.com.ar\/index.php?rest_route=\/wp\/v2\/users\/1"}],"replies":[{"embeddable":true,"href":"https:\/\/www.clasicosnoticias.com.ar\/index.php?rest_route=%2Fwp%2Fv2%2Fcomments&post=3022"}],"version-history":[{"count":0,"href":"https:\/\/www.clasicosnoticias.com.ar\/index.php?rest_route=\/wp\/v2\/posts\/3022\/revisions"}],"wp:attachment":[{"href":"https:\/\/www.clasicosnoticias.com.ar\/index.php?rest_route=%2Fwp%2Fv2%2Fmedia&parent=3022"}],"wp:term":[{"taxonomy":"category","embeddable":true,"href":"https:\/\/www.clasicosnoticias.com.ar\/index.php?rest_route=%2Fwp%2Fv2%2Fcategories&post=3022"},{"taxonomy":"post_tag","embeddable":true,"href":"https:\/\/www.clasicosnoticias.com.ar\/index.php?rest_route=%2Fwp%2Fv2%2Ftags&post=3022"}],"curies":[{"name":"wp","href":"https:\/\/api.w.org\/{rel}","templated":true}]}}