{"id":3086,"date":"2025-09-22T18:33:23","date_gmt":"2025-09-22T21:33:23","guid":{"rendered":"https:\/\/www.clasicosnoticias.com.ar\/?p=3086"},"modified":"2025-09-22T18:33:23","modified_gmt":"2025-09-22T21:33:23","slug":"reunion-el-gobierno-le-remarco-a-la-mesa-de-enlace-que-la-baja-de-las-retenciones-a-0-vence-el-31-de-octubre","status":"publish","type":"post","link":"https:\/\/www.clasicosnoticias.com.ar\/?p=3086","title":{"rendered":"Reuni\u00f3n: el Gobierno le remarc\u00f3 a la Mesa de Enlace que la baja de las retenciones a 0% vence el 31 de octubre"},"content":{"rendered":"<div>\n<p>Luego de<a href=\"https:\/\/www.lanacion.com.ar\/economia\/campo\/puso-condiciones-el-gobierno-oficializo-la-eliminacion-transitoria-de-las-retenciones-a-los-granos-nid22092025\/\" target=\"_self\" rel=\"\" title=\"https:\/\/www.lanacion.com.ar\/economia\/campo\/puso-condiciones-el-gobierno-oficializo-la-eliminacion-transitoria-de-las-retenciones-a-los-granos-nid22092025\/\"><b> eliminar temporalmente las retenciones a los granos y carnes hasta el 31 de octubre pr\u00f3ximo, <\/b><\/a><b>el Gobierno explic\u00f3 a los integrantes de la Mesa de Enlace que la medida responde a criterios fiscales <\/b>y cambiarios que se <b>analizaron<\/b> durante el fin de semana. Fue un encuentro en modalidad virtual y presencial. Algunos de los ruralistas que valoraron la inclusi\u00f3n de <b>la carne bovina y aviar en el esquema<\/b> insistieron en<b> la necesidad de dar previsibilidad y reclamaron una baja definitiva que no dependa de ventanas transitorias<\/b>. <b>Entre otros cultivos, hasta antes de la medida de la eliminaci\u00f3n temporal la soja tributaba un 26% y el ma\u00edz y el trigo un 9,5%. <\/b><\/p>\n<p><a href=\"https:\/\/www.lanacion.com.ar\/economia\/campo\/el-gobierno-suspendio-tambien-las-retenciones-a-la-carne-vacuna-y-aviar-hasta-el-31-de-octubre-nid22092025\/\">El Gobierno suspendi\u00f3 tambi\u00e9n las retenciones a la carne vacuna y aviar hasta el 31 de octubre<\/a><\/p>\n<p><b>Andrea Sarnari<\/b>, presidenta de la <b>Federaci\u00f3n Agraria Argentina (FAA),<\/b> dijo que la reuni\u00f3n fue positiva, de car\u00e1cter explicativo respecto de los motivos de la medida. <b>Se aclar\u00f3 que se trata de una decisi\u00f3n netamente econ\u00f3mica y que la transitoriedad responde al mismo argumento utilizado anteriormente,<\/b> cuando se aplic\u00f3 una baja temporal: \u201c<b>es lo que sabemos que podemos hacer y por ese tiempo<\/b>\u201c.<\/p>\n<p>De la reuni\u00f3n participaron, adem\u00e1s de <b>Sarnari<\/b>, el presidente de la Sociedad Rural Argentina (SRA), <b>Nicol\u00e1s Pino<\/b>; el presidente de Coninagro, <b>Lucas Magnano<\/b>; y el presidente de Confederaciones Rurales Argentinas (CRA), <b>Carlos Castagnani<\/b>. Por parte del gobierno estuvieron el secretario de Agricultura, <b>Sergio Iraeta<\/b>; el director de<b> ARCA, Juan Pazo;<\/b> el secretario de Coordinaci\u00f3n de Producci\u00f3n,<b> Pablo Lavigne;<\/b> el jefe de Gabinete de Agricultura, <b>Mart\u00edn Fern\u00e1ndez, <\/b>y el<b> <\/b>subsecretario de Mercados, <b>Agust\u00edn Tejeda. <\/b>No estuvo presente el ministro Caputo ni otras autoridades del gabinete econ\u00f3mico.<\/p>\n<p>La repregunta fue sobre qu\u00e9 ocurrir\u00e1 despu\u00e9s de la finalizaci\u00f3n. <b>Se indic\u00f3 que el 31 de octubre se volver\u00e1 a los niveles de retenciones anteriores. <\/b>Durante la reuni\u00f3n, la novedad fue la inclusi\u00f3n de la carne bovina y aviar dentro de la eliminaci\u00f3n de retenciones, incorporadas tambi\u00e9n al sistema de declaraciones juradas, seg\u00fan anunci\u00f3 el vocero presidencial, <b>Manuel Adorni,<\/b> en las redes sociales. <\/p>\n<p><img loading=\"lazy\" decoding=\"async\" src=\"https:\/\/resizer.glanacion.com\/resizer\/v2\/2XW3YAN4GZEBLKNFR42C35GGN4.JPG?auth=a42e6e629145761d456873099743bd6dc68715f3ffc1d631f14d481ad52c35dd&amp;smart=true&amp;width=1333&amp;height=2000\" alt=\"Andrea Sarnari, presidenta de FAA \" height=\"2000\" width=\"1333\"><\/p>\n<p>En este sentido, se explic\u00f3 que les dijeron que <b>los US$7000 millones proyectados por el Gobierno por ventas con declaraciones juradas contemplan no solo productos agr\u00edcolas, sino tambi\u00e9n carnes. <\/b>La delegaci\u00f3n ruralista valor\u00f3 la aclaraci\u00f3n, ya que hab\u00eda dudas sobre si se trataba \u00fanicamente del complejo agr\u00edcola. <\/p>\n<p>Agreg\u00f3 que desde el Gobierno se\u00f1alaron que <b>\u201cla medida se enmarca dentro de la pol\u00edtica econ\u00f3mica para sostener el equilibrio fiscal y contener la cotizaci\u00f3n del d\u00f3lar<\/b>\u201d, de modo de mantenerlo en un rango de flotaci\u00f3n. Resalt\u00f3 que por parte de la Federaci\u00f3n Agraria y las dem\u00e1s entidades se expuso que &#8220;<b>lo que necesita el sector no es una baja transitoria, sino definitiva&#8221;, <\/b>ya que la provisionalidad genera incertidumbre. \u201cEl pedido formal fue que se establezca un esquema permanente de reducci\u00f3n de retenciones\u201d, dijo.<\/p>\n<p>La respuesta de las autoridades fue que <b>\u201clo decretado en julio es permanente y no se modificar\u00e1, y que, una vez finalizada esta ventana de transitoriedad, volver\u00e1n a regir esas condiciones\u201d<\/b>. Reconocieron la necesidad de mayor previsibilidad, pero insistieron en que, en este momento,<b> lo \u00fanico viable era implementar esta herramienta temporal.<\/b><\/p>\n<p><img loading=\"lazy\" decoding=\"async\" src=\"https:\/\/resizer.glanacion.com\/resizer\/v2\/M3LIKVQHT5HCHLFFGQZC7IEHUM.jpg?auth=76bc76c4e2508af2ee45ed10dca8e079dad7df790f527c0a5331b6301762984e&amp;smart=true&amp;width=2000&amp;height=1333\" alt=\"El Gobierno proyecta recaudar US$7000 millones con esta medida \" height=\"1333\" width=\"2000\"><\/p>\n<p>Sarnari agreg\u00f3 que <b>la aclaraci\u00f3n sobre la carne se dio casi en simult\u00e1neo con el anuncio de Adorni,<\/b> aunque en la reuni\u00f3n <b>\u201cse explic\u00f3 que respond\u00eda a comentarios previos del sector\u201d. <\/b><\/p>\n<p>\u201cFue un encuentro breve, centrado en la cuesti\u00f3n de la transitoriedad. Desde la entidad se insisti\u00f3 en que, aunque se valora la baja, la falta de permanencia no brinda previsibilidad al sector\u201d, remarc\u00f3.<\/p>\n<p><b>Pino<\/b> resalt\u00f3 que <b>desde el Gobierno les aclararon <\/b>que esta decisi\u00f3n se vino elaborando durante el fin de semana y que la terminaron hoy a la madrugada. Por eso la publicaron de manera repentina. \u201cEs una decisi\u00f3n que se tom\u00f3 para mostrarle al campo que el sector tiene mucho valor y que, ante <b>cualquier circunstancia, siempre hay voluntad para hacer algo con el campo.<\/b> El camino es apuntar a que la retenci\u00f3n cero sea el destino final de este recorrido. <b>Ahora son medidas temporarias, pero el objetivo es que sean permanentes en la medida de lo posible\u201d,<\/b> sostuvo.<\/p>\n<p><img loading=\"lazy\" decoding=\"async\" src=\"https:\/\/resizer.glanacion.com\/resizer\/v2\/BGLB4X7ETZHDTJTYBHNMR64NBY.JPG?auth=318a6f3ad54aada9290b412a07f8a722cadcb08a3b31585a69d0294c09aeecfd&amp;smart=true&amp;width=2000&amp;height=1333\" alt=\"Nicol\u00e1s Pino, presidente la SRA \" height=\"1333\" width=\"2000\"><\/p>\n<p>La esperanza de que la reducci\u00f3n sea permanente siempre est\u00e1. \u201cLos tiempos y las condiciones de cu\u00e1ndo podr\u00e1 concretarse dependen de la situaci\u00f3n, pero la definici\u00f3n pol\u00edtica est\u00e1 clara.<b> El propio Presidente lo ha dicho p\u00fablicamente y en privado, que la intenci\u00f3n es que los derechos de exportaci\u00f3n sean cero\u201d<\/b>, dijo Pino.<\/p>\n<p><b>Coincidieron en que esta es una buena oportunidad para quienes tienen soja o granos y puedan aprovechar el momento<\/b>. \u201cDesde la Rural aclaramos que, a diferencia de lo que algunos dicen, esto no generar\u00e1 un efecto puerta 12. Justamente porque hay dos l\u00edmites: <b>los 7000 millones de d\u00f3lares o el 31 de octubre, <\/b>lo que ocurra primero, ser\u00e1 lo que defina la vigencia de esta medida. <b>No vemos un efecto negativo, sino un impacto inmediato. De hecho, ya se refleja en el mercado: la soja en Rosario est\u00e1 en torno a los $505.000\u2033,<\/b> repas\u00f3. <\/p>\n<p>\u201cLo importante es que, <b>por primera vez en muchos a\u00f1os,<\/b> <b>ante una crisis circunstancial, el gobierno no recurri\u00f3 a aumentar impuestos <\/b>\u2014 como era habitual \u2014 sino que decidi\u00f3 bajarlos. Eso es muy novedoso y, seg\u00fan se record\u00f3 en la reuni\u00f3n, nunca hab\u00eda pasado antes en el pa\u00eds&#8221;, sintetiz\u00f3.<\/p>\n<\/div>\n","protected":false},"excerpt":{"rendered":"<p>Luego de eliminar temporalmente las retenciones a los granos y carnes hasta el 31 de octubre pr\u00f3ximo, el<\/p>\n","protected":false},"author":3,"featured_media":0,"comment_status":"closed","ping_status":"closed","sticky":false,"template":"","format":"standard","meta":{"footnotes":""},"categories":[378],"tags":[382,383],"class_list":["post-3086","post","type-post","status-publish","format-standard","hentry","category-noticias","tag-argentina","tag-pais"],"_links":{"self":[{"href":"https:\/\/www.clasicosnoticias.com.ar\/index.php?rest_route=\/wp\/v2\/posts\/3086","targetHints":{"allow":["GET"]}}],"collection":[{"href":"https:\/\/www.clasicosnoticias.com.ar\/index.php?rest_route=\/wp\/v2\/posts"}],"about":[{"href":"https:\/\/www.clasicosnoticias.com.ar\/index.php?rest_route=\/wp\/v2\/types\/post"}],"author":[{"embeddable":true,"href":"https:\/\/www.clasicosnoticias.com.ar\/index.php?rest_route=\/wp\/v2\/users\/3"}],"replies":[{"embeddable":true,"href":"https:\/\/www.clasicosnoticias.com.ar\/index.php?rest_route=%2Fwp%2Fv2%2Fcomments&post=3086"}],"version-history":[{"count":0,"href":"https:\/\/www.clasicosnoticias.com.ar\/index.php?rest_route=\/wp\/v2\/posts\/3086\/revisions"}],"wp:attachment":[{"href":"https:\/\/www.clasicosnoticias.com.ar\/index.php?rest_route=%2Fwp%2Fv2%2Fmedia&parent=3086"}],"wp:term":[{"taxonomy":"category","embeddable":true,"href":"https:\/\/www.clasicosnoticias.com.ar\/index.php?rest_route=%2Fwp%2Fv2%2Fcategories&post=3086"},{"taxonomy":"post_tag","embeddable":true,"href":"https:\/\/www.clasicosnoticias.com.ar\/index.php?rest_route=%2Fwp%2Fv2%2Ftags&post=3086"}],"curies":[{"name":"wp","href":"https:\/\/api.w.org\/{rel}","templated":true}]}}