{"id":3093,"date":"2025-09-22T18:33:41","date_gmt":"2025-09-22T21:33:41","guid":{"rendered":"https:\/\/www.clasicosnoticias.com.ar\/?p=3093"},"modified":"2025-09-22T18:33:41","modified_gmt":"2025-09-22T21:33:41","slug":"eliminacion-de-las-retenciones-en-vivo-repercusiones-del-anuncio-sobre-granos-y-dolares-2","status":"publish","type":"post","link":"https:\/\/www.clasicosnoticias.com.ar\/?p=3093","title":{"rendered":"Eliminaci\u00f3n de las retenciones, en vivo: repercusiones del anuncio sobre granos y d\u00f3lares"},"content":{"rendered":"<div>\n<p>Diversos productores <b>calificaron como \u201cotro d\u00f3lar soja\u201d<\/b><a href=\"https:\/\/www.lanacion.com.ar\/economia\/campo\/puso-condiciones-el-gobierno-oficializo-la-eliminacion-transitoria-de-las-retenciones-a-los-granos-nid22092025\/\" rel=\"\" title=\"https:\/\/www.lanacion.com.ar\/economia\/campo\/puso-condiciones-el-gobierno-oficializo-la-eliminacion-transitoria-de-las-retenciones-a-los-granos-nid22092025\/\"><b>\u00a0la eliminaci\u00f3n temporaria de retenciones y advirtieron que la medida,<\/b><\/a><b> aunque mejora precios en el corto plazo, genera desprolijidad, incertidumbre y favorecer\u00eda a los exportadores. <\/b>Se\u00f1alaron que la ventana de poco m\u00e1s de un mes obliga a vender r\u00e1pido, con riesgo de ca\u00edda de valores hacia el final del per\u00edodo, y cuestionaron que se repitan <b>decisiones \u201cintempestivas\u201d <\/b>similares a las aplicadas en la gesti\u00f3n del exministro de Econom\u00eda, <b>Sergio Massa<\/b>.<\/p>\n<p><img loading=\"lazy\" decoding=\"async\" src=\"https:\/\/resizer.glanacion.com\/resizer\/v2\/MMH3ONJGKZFXPCSMUMY3CYYCEA.JPG?auth=535e6ab26962751f5a9b75e02dd1ced11c38c6aebd4869d0160596356f292c0b&amp;smart=true&amp;width=2000&amp;height=1335\" alt=\"\u00bfSe viene un nuevo d\u00f3lar soja?\" height=\"1335\" width=\"2000\"><\/p>\n<p><a href=\"https:\/\/www.lanacion.com.ar\/economia\/campo\/otro-dolar-soja-los-productores-anticipan-que-comercializaran-mas-tras-la-medida-del-gobierno-pero-nid22092025\/\">LE\u00c9 LA NOTA COMPLETA AC\u00c1.<\/a><\/p>\n<p>Como un boomerang, hoy distintos usuarios salieron a cuestionar al Gobierno a trav\u00e9s de las redes sociales por el costo fiscal del sorpresivo anuncio de\u00a0<a href=\"https:\/\/www.lanacion.com.ar\/economia\/campo\/el-gobierno-anuncio-la-eliminacion-de-las-retenciones-para-todos-los-granos-hasta-el-31-de-octubre-nid22092025\/\" rel=\"\" title=\"https:\/\/www.lanacion.com.ar\/economia\/campo\/el-gobierno-anuncio-la-eliminacion-de-las-retenciones-para-todos-los-granos-hasta-el-31-de-octubre-nid22092025\/\">retenciones<\/a>\u00a0cero a los granos y a la carne vacuna y aviar hasta el 31 de octubre. Seg\u00fan economistas, la medida \u2014que busca que los productores liquiden hasta US$7000 millones para sumar oferta al MULC\u2014 implicar\u00eda un agujero que puede ir del 0,15% al 0,25% del Producto Bruto Interno (PBI), similar al que demandaban los proyectos vetados de financiamiento universitario y emergencia pedi\u00e1trica.<\/p>\n<p>De acuerdo con la consultora\u00a0<b>Equilibra<\/b>, el costo fiscal por la reducci\u00f3n de retenciones a 0% hasta octubre alcanzar\u00eda los\u00a0<b>US$1000 millones en lo que resta del a\u00f1o, equivalentes al 0,15% del PBI.\u00a0<\/b>Al mismo n\u00famero lleg\u00f3 el Instituto Argentino de An\u00e1lisis Fiscal (<b>US$1000 millones<\/b>) aunque dijo que<b>\u00a0<\/b>el costo total para Naci\u00f3n entre 2025 y 2026 ser\u00eda de\u00a0<b>0,25% del PBI,<\/b>\u00a0equivalentes a US$1600 millones.<\/p>\n<p><a href=\"https:\/\/www.lanacion.com.ar\/economia\/retenciones-cero-cual-es-el-costo-fiscal-de-la-medida-y-el-pedido-de-los-economistas-al-gobierno-nid22092025\/\">LE\u00c9 LA NOTA COMPLETA AC\u00c1.<\/a><\/p>\n<p><b>La medida del Gobierno tuvo eco en diversas provincias del interior de la Argentina<\/b>, donde la actividad agropecuaria es un elemento rector de esas econom\u00edas regionales. <\/p>\n<blockquote class=\"twitter-tweet\">\n<p lang=\"es\" dir=\"ltr\">Desde el primer momento hemos reclamado la eliminaci\u00f3n de las <a href=\"https:\/\/twitter.com\/hashtag\/retenciones?src=hash&amp;ref_src=twsrc%5Etfw\">#retenciones<\/a> al agro.<\/p>\n<p>Su eliminaci\u00f3n no debe ser una medida transitoria, sino definitiva. La Argentina saldr\u00e1 adelante acompa\u00f1ando a sus sectores productivos: es con el <a href=\"https:\/\/twitter.com\/hashtag\/campo?src=hash&amp;ref_src=twsrc%5Etfw\">#campo<\/a>, no contra el campo.<\/p>\n<p>Necesitamos\u2026<\/p>\n<p>\u2014 Mart\u00edn Llaryora (@MartinLlaryora) <a href=\"https:\/\/twitter.com\/MartinLlaryora\/status\/1970106209228263933?ref_src=twsrc%5Etfw\">September 22, 2025<\/a><\/p><\/blockquote>\n<blockquote class=\"twitter-tweet\">\n<p lang=\"es\" dir=\"ltr\">Nosotros lo venimos reclamando desde el primer d\u00eda de gesti\u00f3n.<\/p>\n<p>Queremos que las retenciones se eliminen para siempre, no de manera transitoria, ni para sostener el tipo de cambio con fines electorales, ni para financiar fuga de capitales.<\/p>\n<p>Necesitamos pol\u00edticas que de verdad\u2026<\/p>\n<p>\u2014 Maximiliano Pullaro (@maxipullaro) <a href=\"https:\/\/twitter.com\/maxipullaro\/status\/1970102227504136327?ref_src=twsrc%5Etfw\">September 22, 2025<\/a><\/p><\/blockquote>\n<blockquote class=\"twitter-tweet\">\n<p lang=\"es\" dir=\"ltr\">La medida anunciada por Milei de retenciones cero hasta el 31 de octubre es electoralista, pensada solo por las elecciones.<\/p>\n<p>Yo lo vengo diciendo desde que era gobernador: las retenciones deben eliminarse de manera definitiva, no solo mientras dure un proceso electoral.<\/p>\n<p>El campo\u2026<\/p>\n<p>\u2014 Juan Schiaretti (@JSchiaretti) <a href=\"https:\/\/twitter.com\/JSchiaretti\/status\/1970109445884530756?ref_src=twsrc%5Etfw\">September 22, 2025<\/a><\/p><\/blockquote>\n<blockquote class=\"twitter-tweet\">\n<p lang=\"es\" dir=\"ltr\">El Gobierno nacional anunci\u00f3 la eliminaci\u00f3n de las retenciones a todos los granos hasta el 31 de octubre.<\/p>\n<p>Como hombre de campo y defensor de nuestros peque\u00f1os y medianos productores, quiero ser claro: celebramos cada paso que alivie al campo, pero necesitamos medidas permanentes\u2026<\/p>\n<p>\u2014 Alfredo de Angeli (@alfredodeangeli) <a href=\"https:\/\/twitter.com\/alfredodeangeli\/status\/1970178383016530371?ref_src=twsrc%5Etfw\">September 22, 2025<\/a><\/p><\/blockquote>\n<p>\u201c<b>Lo m\u00e1s importante hasta ahora es que el Gobierno aument\u00f3 las chances de llegar a las elecciones de octubre sin una crisis desatada<\/b>\u201d, manifest\u00f3 el economista Ricardo Delgado en su visita a <i>LN+<\/i>. Seg\u00fan el especialista, <a href=\"https:\/\/www.lanacion.com.ar\/economia\/campo\/eliminacion-de-las-retenciones-en-vivo-repercusiones-del-anuncio-sobre-granos-y-dolares-nid22092025\/\" target=\"_self\" rel=\"\" title=\"https:\/\/www.lanacion.com.ar\/economia\/campo\/eliminacion-de-las-retenciones-en-vivo-repercusiones-del-anuncio-sobre-granos-y-dolares-nid22092025\/\">la eliminaci\u00f3n de retenciones al agro por parte del Gobierno<\/a> \u201ces un giro rotundo hacia los mercados: <b>una descompresi\u00f3n de la fragilidad que demostr\u00f3 el cierre del viernes<\/b>\u201d.<\/p>\n<figure><video height=\"720\" width=\"1280\" poster=\"https:\/\/cdn.jwplayer.com\/v2\/media\/0HcTeigG\/poster.jpg?width=1280\"><source src=\"https:\/\/cdn.jwplayer.com\/videos\/0HcTeigG-46NIuRKO.mp4\" type=\"video\/mp4\"><\/video><figcaption>&#8220;Haremos lo necesario para apoyar a la Argentina&#8221;, manifesto el secretario del Tesoro de EE.UU.<\/figcaption><\/figure>\n<p>El mercado de granos reaccion\u00f3 en la apertura con <b>alzas generalizadas, <\/b>con la soja liderando la escalada. La posici\u00f3n noviembre del grano de la \u00faltima cosecha se ofrece en torno a US$354 por tonelada, con una mejora de m\u00e1s de 50 d\u00f3lares por tonelada respecto al viernes, una mejora del 16,5%. En tanto, los contratos a mayo 2026 [nueva cosecha] escalaron a US$320, un alza del7,4%. En contraste, el ma\u00edz oper\u00f3 con menor dinamismo, con valores de referencia enUS$195 para diciembreyUS$190 para abril, mientras que el trigo se movi\u00f3 en torno a US$197 para diciembre, sin grandes cambios. <\/p>\n<p><img loading=\"lazy\" decoding=\"async\" src=\"https:\/\/resizer.glanacion.com\/resizer\/v2\/OOYGB7NPNFCTVKAWN5CKVA6UDY.jpg?auth=995770f18f7ee48ac9240792e2199aaca352fa016bbba65353c5a2036c2cd2a7&amp;smart=true&amp;width=2000&amp;height=1333\" alt=\"La soja abri\u00f3 en alza y hay expectativa en el mercado\n\" height=\"1333\" width=\"2000\"><\/p>\n<p>Las acciones argentinas que cotizan en la Bolsa porte\u00f1a registraron hoy un acentuado rebote, con subas de hasta 18% en algunos papeles, en una rueda marcada por los anuncios del Gobierno para dar se\u00f1ales de estabilidad en la pol\u00edtica monetaria y cambiaria.<\/p>\n<p>Entre las empresas, los bancos aparecen como los principales ganadores. BBVA Argentina encabez\u00f3 el mayor repunte diario, con un salto de 17,8%, seguido por Grupo Galicia, que avanz\u00f3 11,6%, y Supervielle, con 11,2%.Tambi\u00e9n se destacaron las mejoras de BYMA (10,4%), Metrogas (10,1%), Banco Macro (9,9%) y Transportadora de Gas del Norte (7,9%).<\/p>\n<p><a href=\"https:\/\/www.lanacion.com.ar\/economia\/negocios\/las-acciones-argentinas-que-repuntaron-tras-los-anuncios-del-gobierno-nid22092025\/\">LEE LA NOTA COMPLETA ACA<\/a><\/p>\n<p>El potencial de liquidaci\u00f3n es significativo: seg\u00fan estimaciones del sector privado, los productores tienen en su poder casi US$9600 millones para vender, correspondientes a la \u00faltima campa\u00f1a y remanentes de cosechas anteriores. Este volumen de granos sin comercializar representa el objetivo principal de la iniciativa oficial.<\/p>\n<p><img loading=\"lazy\" decoding=\"async\" src=\"https:\/\/resizer.glanacion.com\/resizer\/v2\/DUZKQCDQ55DO5N4VHA5VPUZXDY.jpg?auth=bd04703d3e953a206867a28eec50ff66155225e1044544a932a19aa5d101e2f8&amp;smart=true&amp;width=4032&amp;height=3024\" alt=\"Los exportadores deben liquidar al menos el 90% de las divisas en un plazo m\u00e1ximo de tres d\u00edas h\u00e1biles\" height=\"3024\" width=\"4032\"><\/p>\n<p>El decreto impone requisitos estrictos para los exportadores. Deben liquidar al menos el 90% de las divisas en un plazo m\u00e1ximo de tres d\u00edas h\u00e1biles desde la presentaci\u00f3n de la DJVE. El incumplimiento de esta condici\u00f3n anula el beneficio.<\/p>\n<p>As\u00ed consider\u00f3 <b>Carlos Castagnani<\/b>, presidente de Confederaciones Rurales Argentinas (CRA), la decisi\u00f3n del Gobierno de llevar las retenciones a cero para todos los granos.<\/p>\n<p><img loading=\"lazy\" decoding=\"async\" src=\"https:\/\/resizer.glanacion.com\/resizer\/v2\/GG7UZVACZJASHJQCTTLKGBZENM.JPG?auth=198e5903eea19a4780227027b2de50a8c644b8daf2e6aeea3a834e24cb9d30e9&amp;smart=true&amp;width=2000&amp;height=1333\" alt=\" Carlos Castagnani celebr\u00f3 al decisi\u00f3n en el campo de la administraci\u00f3n de Milei \" height=\"1333\" width=\"2000\"><\/p>\n<p>\u201cEs una medida que devuelve rentabilidad y permitir\u00e1 a cada productor destinar su producci\u00f3n al cumplimiento de obligaciones, afrontar los costos de la pr\u00f3xima siembra y reinvertir en su propia actividad. Desde CRA valoramos este paso, entendiendo que representa un incentivo para seguir generando empleo, arraigo y desarrollo en todo el interior productivo del pa\u00eds\u201d, sostuvo.<\/p>\n<p>A horas de que Javier Milei aterrice en Nueva York y luego del anuncio del gobierno de la eliminaci\u00f3n de las retenciones a todos los granos, <b>Scott Bessent <\/b>confirm\u00f3 a trav\u00e9s de su cuenta en X que podr\u00edan apoyar a la Argentina a trav\u00e9s del Fondo de Estabilizaci\u00f3n Cambiaria en medio de la tensi\u00f3n cambiaria.<\/p>\n<\/p>\n<blockquote class=\"twitter-tweet\">\n<p lang=\"en\" dir=\"ltr\">Argentina is a systemically important U.S. ally in Latin America, and the <a href=\"https:\/\/twitter.com\/USTreasury?ref_src=twsrc%5Etfw\">@USTreasury<\/a> stands ready to do what is needed within its mandate to support Argentina.<\/p>\n<p>All options for stabilization are on the table. 1\/4<\/p>\n<p>\u2014 Treasury Secretary Scott Bessent (@SecScottBessent) <a href=\"https:\/\/twitter.com\/SecScottBessent\/status\/1970107351912075454?ref_src=twsrc%5Etfw\">September 22, 2025<\/a><\/p><\/blockquote>\n<p>\u201cLa Argentina es un aliado sist\u00e9micamente importante de Estados Unidos en Am\u00e9rica Latina, y el Departamento del Tesoro est\u00e1 dispuesto a hacer lo que sea necesario dentro de su mandato para apoyar a la Argentina\u201c, se\u00f1al\u00f3 Bessent.<\/p>\n<p>Tras el anuncio del gobierno, las acciones argentinas rebotaron 22% en el exterior y los d\u00f3lares se alejaron del techo de la banda cambiaria. Adem\u00e1s, el riesgo pa\u00eds se hundi\u00f3<b> 20%<\/b> en un d\u00eda actualmente se ubica en 1142 puntos b\u00e1sicos, un desplome de 300 unidades frente al viernes (-20,80%).<\/p>\n<p>El gobierno puso un <a href=\"https:\/\/www.lanacion.com.ar\/economia\/campo\/puso-condiciones-el-gobierno-oficializo-la-eliminacion-transitoria-de-las-retenciones-a-los-granos-nid22092025\/\" target=\"_self\" rel=\"\" title=\"https:\/\/www.lanacion.com.ar\/economia\/campo\/puso-condiciones-el-gobierno-oficializo-la-eliminacion-transitoria-de-las-retenciones-a-los-granos-nid22092025\/\">plazo y un monto<\/a> a la pol\u00edtica de eliminaci\u00f3n de las retenciones a los granos. El beneficio temporal para estas mercader\u00edas se extiende \u201chasta el 31 de octubre de 2025, inclusive\u201d o \u201chasta la finalizaci\u00f3n del d\u00eda en que se alcance la suma de registraciones de Declaraciones Juradas de Venta al Exterior (DJVE) por un importe equivalente a <b>US$7000 millones<\/b>, lo que ocurra primero\u201d, detall\u00f3 el Bolet\u00edn Oficial.<\/p>\n<p><b>Andrea Sarnari<\/b>, titular de la FFA, difiri\u00f3 con los otros referentes del sector. Afirm\u00f3 que este tipo de medidas de car\u00e1cter transitorio n<a href=\"https:\/\/www.lanacion.com.ar\/economia\/campo\/el-campo-celebra-la-eliminacion-de-las-retenciones-pero-pide-que-sea-una-medida-permanente-nid22092025\/\" target=\"_self\" rel=\"\" title=\"https:\/\/www.lanacion.com.ar\/economia\/campo\/el-campo-celebra-la-eliminacion-de-las-retenciones-pero-pide-que-sea-una-medida-permanente-nid22092025\/\">o benefician al sector productivo<\/a> y no dan esa previsibilidad.<\/p>\n<p><img loading=\"lazy\" decoding=\"async\" src=\"https:\/\/resizer.glanacion.com\/resizer\/v2\/2XW3YAN4GZEBLKNFR42C35GGN4.JPG?auth=a42e6e629145761d456873099743bd6dc68715f3ffc1d631f14d481ad52c35dd&amp;smart=true&amp;width=1333&amp;height=2000\" alt=\"Andrea Sarnar sostuvo que la medida Etemporal\" no beneficia a los productores height=\"2000\" width=\"1333\"><\/p>\n<p>\u201cLos productores necesitamos al momento de encarar una inversi\u00f3n para una pr\u00f3xima cosecha. Lo que estamos haciendo precisamente en este momento es encarar la siembra de lo que va a ser la cosecha gruesa. Los productores, sobre todo de peque\u00f1a y mediana escala, ya hemos vendido todos nuestros granos, no seremos los beneficiarios de una medida transitoria como esta. Seguramente lo ser\u00e1n quienes pudieron y tuvieron la espalda para guardar los granos, especialmente los exportadores y no los productores que necesitamos de los recursos para poder volver a invertir\u201d.<\/p>\n<p>Tras el anuncio sorpresivo del portavoz <b>Manuel Adorni<\/b>, el campo celebr\u00f3 celebra la eliminaci\u00f3n de las retenciones, pero pidi\u00f3 que sea una medida permanente.<\/p>\n<p><b>Nicol\u00e1s Pino<\/b>, presidente de la Sociedad Rural Argentina,<a href=\"https:\/\/www.lanacion.com.ar\/economia\/campo\/el-campo-celebra-la-eliminacion-de-las-retenciones-pero-pide-que-sea-una-medida-permanente-nid22092025\/\" target=\"_self\" rel=\"\" title=\"https:\/\/www.lanacion.com.ar\/economia\/campo\/el-campo-celebra-la-eliminacion-de-las-retenciones-pero-pide-que-sea-una-medida-permanente-nid22092025\/\"> asegur\u00f3<\/a>, en di\u00e1logo con LA NACION: \u201cEs una muy buena medida. Me parece bueno que el Gobierno tome este tipo de medidas mostrando que tiene la posibilidad de hacerlo. Entonces, si el Gobierno tiene esta capacidad para hacer esto, hoy mismo tenemos que sentarnos nuevamente para que estas medidas no sean temporarias, sino permanentes\u201d.<\/p>\n<p><img loading=\"lazy\" decoding=\"async\" src=\"https:\/\/resizer.glanacion.com\/resizer\/v2\/ONE6DRLIKZFDHDDD3UVSDIETFA.JPG?auth=ff81287e079cecaafb33116191dbdbffabf8296956132bd926bd4290a7b6fe1a&amp;smart=true&amp;width=1333&amp;height=2000\" alt=\"Nicolas Pinto celebr\u00f3 el anuncio del gobierno\" height=\"2000\" width=\"1333\"><\/p>\n<p>El anuncio se enmarca en una serie de cambios previos a las retenciones. El a\u00f1o pasado el gobierno nacional ya le hab\u00eda quitado los derechos de exportaci\u00f3n (DEX) a la carne de vaca, a la carne porcina, a las econom\u00edas regionales y a los l\u00e1cteos. En julio el Gobierno hab\u00eda oficializado una baja de al\u00edcuotas para varios granos y productos c\u00e1rnicos, reducciones que ya hab\u00edan modificado la estructura de tributos del sector.<\/p>\n<p><img loading=\"lazy\" decoding=\"async\" src=\"https:\/\/resizer.glanacion.com\/resizer\/v2\/3R7I2C7DZFBPFKC2NDBZPERGDU.JPG?auth=291f29e086e646c29ab81e4fb91d7c4f141e5c929553a9db3d68bdb7eb7bae02&amp;smart=true&amp;width=2000&amp;height=1333\" alt=\"El Gobierno ya hab\u00eda anunciado medidas previas para reducir las retenciones\" height=\"1333\" width=\"2000\"><\/p>\n<p>El Decreto 526 hab\u00eda implementado un recorte del 20% para la cadena de granos y del 26% para la cadena c\u00e1rnica. Para el ma\u00edz y el sorgo las al\u00edcuotas bajaban del 12% al 9,5%, en el caso del complejo girasol los DEX quedaban en el 5,5% para el grano [contra el 7% anterior] y en 4% para sus derivados y en soja el grano pasaba a tributar 26% y 24,5% sus subproductos, en lugar del 33% y el 31% previos.<\/p>\n<p>El vicepresidente de Confederaciones Rurales Argentinas (<b>CRA<\/b>)<b>, Javier Rotondo<\/b>, augur\u00f3, en di\u00e1logo con <i>LN+<\/i>, que la eliminaci\u00f3n de retenciones ser\u00e1 \u201cexitosa\u201d, aunque la tild\u00f3 de \u201ccoyuntural\u201d y reclam\u00f3 que se prolongue en el tiempo.<\/p>\n<p>\u201cIndudablemente la temporalidad y esta situaci\u00f3n de tan corto tiempo tienen alguna especie de expectativa para quienes quieren captar el mejor precio. El productor hoy est\u00e1 acostumbrado a tener mayor previsibilidad, se necesita que estas medidas no sean fruto de la coyuntura. Indudablemente que hay quienes van a captar los beneficios. Probablemente la medida sea exitosa\u201d.<\/p>\n<figure><video height=\"720\" width=\"1280\" poster=\"https:\/\/cdn.jwplayer.com\/v2\/media\/XVL1S3cy\/poster.jpg?width=1280\"><source src=\"https:\/\/cdn.jwplayer.com\/videos\/XVL1S3cy-46NIuRKO.mp4\" type=\"video\/mp4\"><\/video><figcaption>Javier Rotondo<\/figcaption><\/figure>\n<p>Y a\u00f1adi\u00f3: \u201cEn fin la medida coyuntural puede servir para el fin que el gobierno requiere pero para que esto sea realmente positivo tiene que ser prolongada en el tiempo\u201d.<\/p>\n<p>La <b>apuesta oficial<\/b> <b>es que el campo acelere las ventas externas<\/b> y eso se traduzca en un mayor ingreso de d\u00f3lares al Banco Central, que atraviesa semanas de presi\u00f3n por la falta de reservas.<\/p>\n<p><img loading=\"lazy\" decoding=\"async\" src=\"https:\/\/resizer.glanacion.com\/resizer\/v2\/6VML5IOWXVFTHEG4MP526565ME.JPG?auth=0c4aa462854b85af6d58c0b1205e89ff39e431417e50e7d7afdfbd89730be986&amp;smart=true&amp;width=2424&amp;height=1616\" alt=\"Banco Central de la Rep\u00fablica Argentina, fachada.\" height=\"1616\" width=\"2424\"><\/p>\n<p>La decisi\u00f3n alcanza a la<b> soja, el ma\u00edz, el trigo, el girasol<\/b> y otros cultivos, con el objetivo de favorecer el ingreso de divisas y reforzar las reservas del Banco Central, que la \u00faltima semana vendi\u00f3 US$1100 millones en medio de la tensi\u00f3n cambiaria.<\/p>\n<p><img loading=\"lazy\" decoding=\"async\" src=\"https:\/\/resizer.glanacion.com\/resizer\/v2\/OBD5E3LYZFDINCRMANOHBWHXYI.PNG?auth=e70893ee16a0d6c05a446d61fbbf6a1cf8bf4c074637dafe638b6fb4b11ac8b5&amp;smart=true&amp;width=745&amp;height=346\" alt=\"El posteo de Adorni.\" height=\"346\" width=\"745\"><\/p>\n<p>\u201cLa vieja pol\u00edtica busca generar incertidumbre para boicotear el programa de gobierno. Al hacerlo, castigan a los argentinos: <b>no lo vamos a permitir<\/b>\u201d, escribi\u00f3 en su cuenta de la red social <i>X<\/i>. <\/p>\n<p>El Gobierno inform\u00f3 que <b>hasta el 31 de octubre<\/b> quedar\u00e1n <b>e<\/b><a href=\"https:\/\/www.lanacion.com.ar\/economia\/campo\/el-gobierno-anuncio-la-eliminacion-de-las-retenciones-para-todos-los-granos-hasta-el-31-de-octubre-nid22092025\/\" target=\"_self\" rel=\"\" title=\"https:\/\/www.lanacion.com.ar\/economia\/campo\/el-gobierno-anuncio-la-eliminacion-de-las-retenciones-para-todos-los-granos-hasta-el-31-de-octubre-nid22092025\/\"><b>liminadas las retenciones<\/b><\/a> para las exportaciones de granos. La medida fue anunciada este lunes por la ma\u00f1ana por el vocero presidencial, <b>Manuel Adorni,<\/b> quien <b>dijo que<\/b> la medida -que impactar\u00e1 hasta cinco d\u00edas despu\u00e9s de las elecciones nacionales- <b>busca \u201cgenerar mayor oferta de d\u00f3lares durante este per\u00edodo\u201d. <\/b><\/p>\n<\/div>\n","protected":false},"excerpt":{"rendered":"<p>Diversos productores calificaron como \u201cotro d\u00f3lar soja\u201d\u00a0la eliminaci\u00f3n temporaria de retenciones y advirtieron que la medida, aunque mejora<\/p>\n","protected":false},"author":3,"featured_media":0,"comment_status":"closed","ping_status":"closed","sticky":false,"template":"","format":"standard","meta":{"footnotes":""},"categories":[378],"tags":[382,383],"class_list":["post-3093","post","type-post","status-publish","format-standard","hentry","category-noticias","tag-argentina","tag-pais"],"_links":{"self":[{"href":"https:\/\/www.clasicosnoticias.com.ar\/index.php?rest_route=\/wp\/v2\/posts\/3093","targetHints":{"allow":["GET"]}}],"collection":[{"href":"https:\/\/www.clasicosnoticias.com.ar\/index.php?rest_route=\/wp\/v2\/posts"}],"about":[{"href":"https:\/\/www.clasicosnoticias.com.ar\/index.php?rest_route=\/wp\/v2\/types\/post"}],"author":[{"embeddable":true,"href":"https:\/\/www.clasicosnoticias.com.ar\/index.php?rest_route=\/wp\/v2\/users\/3"}],"replies":[{"embeddable":true,"href":"https:\/\/www.clasicosnoticias.com.ar\/index.php?rest_route=%2Fwp%2Fv2%2Fcomments&post=3093"}],"version-history":[{"count":0,"href":"https:\/\/www.clasicosnoticias.com.ar\/index.php?rest_route=\/wp\/v2\/posts\/3093\/revisions"}],"wp:attachment":[{"href":"https:\/\/www.clasicosnoticias.com.ar\/index.php?rest_route=%2Fwp%2Fv2%2Fmedia&parent=3093"}],"wp:term":[{"taxonomy":"category","embeddable":true,"href":"https:\/\/www.clasicosnoticias.com.ar\/index.php?rest_route=%2Fwp%2Fv2%2Fcategories&post=3093"},{"taxonomy":"post_tag","embeddable":true,"href":"https:\/\/www.clasicosnoticias.com.ar\/index.php?rest_route=%2Fwp%2Fv2%2Ftags&post=3093"}],"curies":[{"name":"wp","href":"https:\/\/api.w.org\/{rel}","templated":true}]}}