{"id":3095,"date":"2025-09-22T18:33:45","date_gmt":"2025-09-22T21:33:45","guid":{"rendered":"https:\/\/www.clasicosnoticias.com.ar\/?p=3095"},"modified":"2025-09-22T18:33:45","modified_gmt":"2025-09-22T21:33:45","slug":"descubrieron-una-banda-que-acopiaba-y-vendia-granos-robados-en-ataques-coordinados-a-trenes-2","status":"publish","type":"post","link":"https:\/\/www.clasicosnoticias.com.ar\/?p=3095","title":{"rendered":"Descubrieron una banda que acopiaba y vend\u00eda granos robados en ataques coordinados a trenes"},"content":{"rendered":"<div>\n<p>Hace dos semanas, por presuntos desperfectos t\u00e9cnicos, <b>un tren de carga que transportaba granos y productos agropecuarios<\/b> tuvo que detener la marcha cuando pasaba por el asentamiento La Tablita, en Villa Gobernador G\u00e1lvez, en las afueras de Rosario. En cuesti\u00f3n de pocos minutos, la formaci\u00f3n sufri\u00f3 un ataque coordinado. <b>Los delincuentes, despu\u00e9s de forzar las boquillas, provocaron la descarga de los granos, que fueron recolectados por mujeres y ni\u00f1os que esperaban \u201cagazapados\u201d en la zona.<\/b><\/p>\n<p><mark class=\"hl_yellow\">Detr\u00e1s del ataque estuvo una organizaci\u00f3n criminal que se dedicaba a acopiar y revender los granos robados.<\/mark> As\u00ed lo inform\u00f3 la Polic\u00eda Federal Argentina (PFA) en un comunicado de prensa.<\/p>\n<p>Tras dos semanas de investigaci\u00f3n, el Departamento Federal de Investigaciones (DFI) de la PFA detuvo a dos sospechosos y secuestr\u00f3 $11.377.075, US$4900, 1772 reales, siete tel\u00e9fonos celulares, cinco carabinas, un rev\u00f3lver y gran cantidad de municiones.<\/p>\n<p>La investigaci\u00f3n estuvo a cargo de la Fiscal\u00eda Especial de Imputados de la Regional N\u00b02 del Ministerio P\u00fablico de la Acusaci\u00f3n, conducida por el fiscal Carlos Enrique Covani.<\/p>\n<p>\u201c<b>Despu\u00e9s de tareas de inteligencia, se estableci\u00f3 la existencia de una organizaci\u00f3n delictiva encargada de comercializar esta clase de producto<\/b>s, empleando para ello un circuito il\u00edcito que tendr\u00eda relaci\u00f3n con el mercado negro\u201d, se explic\u00f3 en el citado comunicado.<\/p>\n<p><img loading=\"lazy\" decoding=\"async\" src=\"https:\/\/resizer.glanacion.com\/resizer\/v2\/FQ2V7UYVWRDZFJ4OKJ733BH5ME.jpg?auth=62b2989a20435e1a7078a13f4052d4218be5726afac263cabba86db727eb99e9&amp;smart=true&amp;width=1360&amp;height=910\" alt=\"La Polic\u00eda Federal desarticul\u00f3 una banda que robaba granos de vagones\u00a0de\u00a0trenes\" height=\"910\" width=\"1360\"><\/p>\n<p>Los detectives policiales descubrieron, durante la investigaci\u00f3n, el dep\u00f3sito utilizado por la organizaci\u00f3n para acopiar la mercader\u00eda robada y hallaron 60 toneladas de ma\u00edz. <\/p>\n<p>Sobre el ataque ocurrido el 8 de este mes, se inform\u00f3: \u201cUna formaci\u00f3n de carga perteneciente a una empresa ferroviaria que se encarga del transporte de semillas y productos agropecuarios, ingres\u00f3 en la denominada Villa La Tablita cuando el maquinista detuvo la locomotora por presuntos problemas t\u00e9cnicos. Dicha situaci\u00f3n decant\u00f3 en la aparici\u00f3n de diferentes lugare\u00f1os, quienes abordaron al tren y cortaron las mangas neum\u00e1ticas de los frenos, para luego forzar las boquillas y provocar la descarga de los granos\u201d.<\/p>\n<p>Una vez con la carga fuera de los vagones, <b>\u201cun grupo de mujeres y ni\u00f1os que se hallaban estrat\u00e9gicamente agazapados <\/b>en las adyacencias de las v\u00edas f\u00e9rreas, tomaron una gran cantidad de bolsas y r\u00e1pidamente comenzaron a recolectar los cereales que previamente hab\u00edan sido arrojados\u201d, inform\u00f3 la PFA.<\/p>\n<p>La investigaci\u00f3n comenz\u00f3 con la denuncia hecha por la empresa damnificada. Los detectives de la PFA no solo lograron ubicar el inmueble utilizado para acopiar las cargas robadas, sino tambi\u00e9n otros dos domicilios utilizados por la banda.<\/p>\n<p><mark class=\"hl_yellow\">La Justicia orden\u00f3 allanar los tres domicilios bajo sospecha, donde se detuvo a los dos sospechosos y se secuestraron las 60 toneladas de ma\u00edz.<\/mark><\/p>\n<p>\u201cLos detenidos, de nacionalidad argentina y mayores de edad, quedaron junto a los elementos confiscados a disposici\u00f3n de la Justicia\u201d, concluy\u00f3 el comunicado de la PFA.<\/p>\n<\/div>\n","protected":false},"excerpt":{"rendered":"<p>Hace dos semanas, por presuntos desperfectos t\u00e9cnicos, un tren de carga que transportaba granos y productos agropecuarios tuvo<\/p>\n","protected":false},"author":3,"featured_media":0,"comment_status":"closed","ping_status":"closed","sticky":false,"template":"","format":"standard","meta":{"footnotes":""},"categories":[378],"tags":[382,383],"class_list":["post-3095","post","type-post","status-publish","format-standard","hentry","category-noticias","tag-argentina","tag-pais"],"_links":{"self":[{"href":"https:\/\/www.clasicosnoticias.com.ar\/index.php?rest_route=\/wp\/v2\/posts\/3095","targetHints":{"allow":["GET"]}}],"collection":[{"href":"https:\/\/www.clasicosnoticias.com.ar\/index.php?rest_route=\/wp\/v2\/posts"}],"about":[{"href":"https:\/\/www.clasicosnoticias.com.ar\/index.php?rest_route=\/wp\/v2\/types\/post"}],"author":[{"embeddable":true,"href":"https:\/\/www.clasicosnoticias.com.ar\/index.php?rest_route=\/wp\/v2\/users\/3"}],"replies":[{"embeddable":true,"href":"https:\/\/www.clasicosnoticias.com.ar\/index.php?rest_route=%2Fwp%2Fv2%2Fcomments&post=3095"}],"version-history":[{"count":0,"href":"https:\/\/www.clasicosnoticias.com.ar\/index.php?rest_route=\/wp\/v2\/posts\/3095\/revisions"}],"wp:attachment":[{"href":"https:\/\/www.clasicosnoticias.com.ar\/index.php?rest_route=%2Fwp%2Fv2%2Fmedia&parent=3095"}],"wp:term":[{"taxonomy":"category","embeddable":true,"href":"https:\/\/www.clasicosnoticias.com.ar\/index.php?rest_route=%2Fwp%2Fv2%2Fcategories&post=3095"},{"taxonomy":"post_tag","embeddable":true,"href":"https:\/\/www.clasicosnoticias.com.ar\/index.php?rest_route=%2Fwp%2Fv2%2Ftags&post=3095"}],"curies":[{"name":"wp","href":"https:\/\/api.w.org\/{rel}","templated":true}]}}