{"id":3404,"date":"2025-09-24T18:23:52","date_gmt":"2025-09-24T21:23:52","guid":{"rendered":"https:\/\/www.clasicosnoticias.com.ar\/?p=3404"},"modified":"2025-09-24T18:23:52","modified_gmt":"2025-09-24T21:23:52","slug":"paro-de-trenes-hoy-en-vivo-como-funcionan-las-lineas-este-24-de-septiembre","status":"publish","type":"post","link":"https:\/\/www.clasicosnoticias.com.ar\/?p=3404","title":{"rendered":"Paro de trenes hoy, en vivo: c\u00f3mo funcionan las l\u00edneas este 24 de septiembre"},"content":{"rendered":"<div>\n<p>Pese a que el punto m\u00e1ximo de los reclamos coincidi\u00f3 con la hora pico de la ma\u00f1ana y la sorpresa de la medida adoptada por el gremio de la Fraternidad, <b>el malestar entre los usuarios contin\u00faa,<\/b> a medida que se acerca el horario de salida de los trabajos. \u201cNo es una simple protesta. Es un ataque directo a millones de argentinos que dependemos del transporte p\u00fablico\u201d, consign\u00f3 un pasajero a modo de resumen en las redes. <\/p>\n<p>Trenes Argentinos y la Secretar\u00eda de Transporte, en virtud de los lineamientos de la Ley 14.786, <b>solicitaron que se disponga de inmediato la apertura del procedimiento de conciliaci\u00f3n obligatoria en el marco de una medida de acci\u00f3n directa que lleva adelante el personal del sindicato La Fraternidad<\/b>, que consiste en la circulaci\u00f3n de trenes a 30 km\/h en la totalidad de las l\u00edneas y servicios ferroviarios de pasajeros.<\/p>\n<p>La presentaci\u00f3n se formaliz\u00f3 esta ma\u00f1ana, luego de que la medida dictada por el gremio La Fraternidad fuera implementada de manera sorpresiva e intempestiva, <b>afectando a m\u00e1s de 500.000 personas que abordan el servicio de trenes durante la ma\u00f1ana. <\/b><\/p>\n<p><b>El dictado de la conciliaci\u00f3n obligatoria apunta a poder restablecer el normal funcionamiento del servicio ferroviario<\/b> de cara al regreso a los hogares durante la tarde.<\/p>\n<p>La medida fue sorpresiva y eso deriv\u00f3 en una <b>ma\u00f1ana ca\u00f3tica <\/b>para viajar y trasladarse por el AMBA. Esa postal, durante las primeras horas de la tarde, se atenu\u00f3, pese a que el paro sigue, en parte porque los usuarios no tuvieron que improvisar tan sobre la hora alternativas para moverse.<\/p>\n<p>La expectativa est\u00e1 puesta ahora en qu\u00e9 pasar\u00e1 en unas horas, cuando la medida coincida con la <b>hora pico de la tarde <\/b>y el regreso de los trabajos a los hogares. <\/p>\n<p>Los\u00a0<b>trenes del AMBA<\/b>\u00a0no tienen aumentos en sus tarifas este mes. Este es el momento que cuesta viajar en todos los ramales, de acuerdo a las secciones que recorren:<\/p>\n<h4>Secci\u00f3n 1<\/h4>\n<ul>\n<li>SUBE registrada: $\u202f280<\/li>\n<li>SUBE sin registrar: $\u202f560<\/li>\n<\/ul>\n<h4>Secci\u00f3n 2<\/h4>\n<ul>\n<li>SUBE registrada: $\u202f360<\/li>\n<li>SUBE sin registrar: $\u202f720<\/li>\n<\/ul>\n<h4>Secci\u00f3n 3<\/h4>\n<ul>\n<li>SUBE registrada: $\u202f450<\/li>\n<li>SUBE sin registrar: $\u202f900<\/li>\n<\/ul>\n<p>Un recorrido de LA NACION por las principales estaciones.<\/p>\n<p>En las redes, como<i> X,<\/i> se multiplican <b>los mensajes que repudian la medida<\/b> por la sorpresa de encontrarse con esta situaci\u00f3n al llegar a las estaciones de trenes o bien por la demora que les llev\u00f3 cubrir el trayecto que habitualmente realizan. <\/p>\n<\/p>\n<blockquote class=\"twitter-tweet\">\n<p lang=\"es\" dir=\"ltr\">Gracias <a href=\"https:\/\/twitter.com\/hashtag\/TrenSarmiento?src=hash&amp;ref_src=twsrc%5Etfw\">#TrenSarmiento<\/a> por esta medida de fuerza sin avisar en un mi\u00e9rcoles de fr\u00edo y viento, unos copados, por supuesto que entendemos que est\u00e9n enojados por laburar 6 hs y arreglar paritarias que no los conformen, no como los pasajeros que tiene que laburar 12 por una miseria<\/p>\n<p>\u2014 Valeria Izquierdo (@Valeizquier) <a href=\"https:\/\/twitter.com\/Valeizquier\/status\/1970784633177452758?ref_src=twsrc%5Etfw\">September 24, 2025<\/a><\/p><\/blockquote>\n<p>Seg\u00fan detall\u00f3 Trenes Argentinos en su cuenta de X, por el paro de trenes, <b>m\u00e1s de un mill\u00f3n de pasajeros se ven afectados<\/b> esta ma\u00f1ana. <\/p>\n<\/p>\n<blockquote class=\"twitter-tweet\">\n<p lang=\"es\" dir=\"ltr\">Como consecuencia de la protesta, los trenes circulan a una velocidad de 30 km\/h afectando la regularidad del servicio.<\/p>\n<p>Ante esta medida se ven perjudicados m\u00e1s de un mill\u00f3n de pasajeros que utilizan los trenes cada d\u00eda para trasladarse a sus trabajos o regresar a sus hogares.<\/p>\n<p>\u2014 Trenes Argentinos (@TrenesArg) <a href=\"https:\/\/twitter.com\/TrenesArg\/status\/1970816864457728344?ref_src=twsrc%5Etfw\">September 24, 2025<\/a><\/p><\/blockquote>\n<p>Las im\u00e1genes que devuelven las estaciones de trenes son de espacios colmados de <b>pasajeros que intentan llegar a sus destinos.<\/b><\/p>\n<p>En este contexto, una usuaria de la red social X report\u00f3 que una formaci\u00f3n del tren Roca se detuvo en Adrogu\u00e9 por m\u00e1s de media hora y que los pasajeros tuvieron que bajar y caminar por las v\u00edas para desplazarse.<\/p>\n<p>Fuentes de <b>Trenes Argentinos<\/b> informaron a <b>LA NACION <\/b>que la medida de fuerza corresponde a \u201cla falta de una propuesta superadora en <b>paritarias<\/b>\u201d, un \u201cdeficiente servicio de ART deplorable e insuficiente\u201d y \u201cbajos ingresos por la falta de un acuerdo\u201d. Tambi\u00e9n hablan de <b>itinerarios \u201cdesastrosos\u201d <\/b>y \u201csin apertura a sugerencias\u201d, de la reducci\u00f3n de la velocidad de las formaciones. <\/p>\n<figure><video height=\"720\" width=\"1280\" poster=\"https:\/\/cdn.jwplayer.com\/v2\/media\/9DStHnjo\/poster.jpg?width=1280\"><source src=\"https:\/\/cdn.jwplayer.com\/videos\/9DStHnjo-46NIuRKO.mp4\" type=\"video\/mp4\"><\/video><figcaption>Paro sopresivo de trenes en el AMBA<\/figcaption><\/figure>\n<p>La medida adoptada por los maquinistas se traduce en <b>servicios que circulan a reglamento,<\/b> es decir, <b>a una velocidad m\u00e1xima de s\u00f3lo 30 km\/h<\/b> en todas las l\u00edneas afectadas. Esto provoca importantes demoras y cancelaciones en los servicios mencionados. <\/p>\n<p>Dentro de este marco, se inform\u00f3 que <b>en la l\u00ednea Roca una formaci\u00f3n qued\u00f3 varada en el ramal Alejandro Korn, entre las estaciones Burzaco y Adrogu\u00e9<\/b>. Circularon im\u00e1genes donde se ve que decidieron bajar del veh\u00edculo y caminar por las v\u00edas.<\/p>\n<figure><video height=\"720\" width=\"1280\" poster=\"https:\/\/cdn.jwplayer.com\/v2\/media\/laxrFpVN\/poster.jpg?width=1280\"><source src=\"https:\/\/cdn.jwplayer.com\/videos\/laxrFpVN-46NIuRKO.mp4\" type=\"video\/mp4\"><\/video><figcaption>Tren Roca: una formaci\u00f3n se qued\u00f3 varada entre Burzaco y Adrogu\u00e9<\/figcaption><\/figure>\n<p>Desde <b>La Fraternidad<\/b> aclararon a LA NACION que <b>no se trata de una medida de fuerza. <\/b>\u201cEstamos trabajando para tomar las precauciones necesarias por <b>el estado de la v\u00eda y la se\u00f1alizaci\u00f3n defectuosa.<\/b> En algunos ferrocarriles falta personal por retiros voluntarios\u201d, detallaron.<\/p>\n<p>Adem\u00e1s, se\u00f1alaron que las empresas a cargo del servicio de trenes no toman medidas para cuidar la seguridad de los pasajeros ni de los trabajadores. Es por eso que se decidi\u00f3 tomar esta soluci\u00f3n para que los viajes en trenes sean m\u00e1s seguros, <b>sin poner en riesgo a los pasajeros<\/b> y al personal ferroviario. <\/p>\n<p>El paro de este mi\u00e9rcoles fue una <a href=\"https:\/\/www.lanacion.com.ar\/sociedad\/trenes-hoy-asi-funcionan-los-servicios-del-roca-sarmiento-mitre-y-san-martin-este-miercoles-24-de-nid24092025\/\" target=\"_self\" rel=\"\" title=\"https:\/\/www.lanacion.com.ar\/sociedad\/trenes-hoy-asi-funcionan-los-servicios-del-roca-sarmiento-mitre-y-san-martin-este-miercoles-24-de-nid24092025\/\">medida sorpresiva<\/a> por parte de los maquinistas que integran <b>el gremio de La Fraternidad.<\/b> Esto afecta los servicios de las principales l\u00edneas del \u00c1rea Metropolitana de Buenos Aires (AMBA), es decir, del <b>Roca, Mitre, San Mart\u00edn, Sarmiento, Urquiza y Belgrano Sur, que funcionan pero a una velocidad m\u00e1xima de s\u00f3lo 30 km\/h. <\/b>En ese contexto, viajar esta ma\u00f1ana se volvi\u00f3 una verdadera pesadilla y miles de usuarios buscan alternativas para movilizarse. <\/p>\n<\/div>\n","protected":false},"excerpt":{"rendered":"<p>Pese a que el punto m\u00e1ximo de los reclamos coincidi\u00f3 con la hora pico de la ma\u00f1ana y<\/p>\n","protected":false},"author":3,"featured_media":0,"comment_status":"closed","ping_status":"closed","sticky":false,"template":"","format":"standard","meta":{"footnotes":""},"categories":[378],"tags":[382,383],"class_list":["post-3404","post","type-post","status-publish","format-standard","hentry","category-noticias","tag-argentina","tag-pais"],"_links":{"self":[{"href":"https:\/\/www.clasicosnoticias.com.ar\/index.php?rest_route=\/wp\/v2\/posts\/3404","targetHints":{"allow":["GET"]}}],"collection":[{"href":"https:\/\/www.clasicosnoticias.com.ar\/index.php?rest_route=\/wp\/v2\/posts"}],"about":[{"href":"https:\/\/www.clasicosnoticias.com.ar\/index.php?rest_route=\/wp\/v2\/types\/post"}],"author":[{"embeddable":true,"href":"https:\/\/www.clasicosnoticias.com.ar\/index.php?rest_route=\/wp\/v2\/users\/3"}],"replies":[{"embeddable":true,"href":"https:\/\/www.clasicosnoticias.com.ar\/index.php?rest_route=%2Fwp%2Fv2%2Fcomments&post=3404"}],"version-history":[{"count":0,"href":"https:\/\/www.clasicosnoticias.com.ar\/index.php?rest_route=\/wp\/v2\/posts\/3404\/revisions"}],"wp:attachment":[{"href":"https:\/\/www.clasicosnoticias.com.ar\/index.php?rest_route=%2Fwp%2Fv2%2Fmedia&parent=3404"}],"wp:term":[{"taxonomy":"category","embeddable":true,"href":"https:\/\/www.clasicosnoticias.com.ar\/index.php?rest_route=%2Fwp%2Fv2%2Fcategories&post=3404"},{"taxonomy":"post_tag","embeddable":true,"href":"https:\/\/www.clasicosnoticias.com.ar\/index.php?rest_route=%2Fwp%2Fv2%2Ftags&post=3404"}],"curies":[{"name":"wp","href":"https:\/\/api.w.org\/{rel}","templated":true}]}}