{"id":3501,"date":"2025-09-29T16:58:34","date_gmt":"2025-09-29T19:58:34","guid":{"rendered":"https:\/\/www.clasicosnoticias.com.ar\/?p=3501"},"modified":"2025-09-29T16:58:34","modified_gmt":"2025-09-29T19:58:34","slug":"el-gobierno-prorrogara-el-sistema-que-permite-jubilarse-de-manera-anticipada","status":"publish","type":"post","link":"https:\/\/www.clasicosnoticias.com.ar\/?p=3501","title":{"rendered":"El Gobierno prorrogar\u00e1 el sistema que permite jubilarse de manera anticipada"},"content":{"rendered":"<div>\n<p>El Gobierno decidi\u00f3 <b>prorrogar el r\u00e9gimen de jubilaci\u00f3n anticipada, <\/b>que rige desde 2021 y cuya vigencia -seg\u00fan lo que est\u00e1 dispuesto- finaliza ma\u00f1ana, martes 30 de septiembre. Se trata de una prestaci\u00f3n dirigida a personas a las que <b>les faltan cinco a\u00f1os o menos para cumplir la edad m\u00ednima jubilatoria<\/b> y tienen acumulados, como m\u00ednimo, <b>30 a\u00f1os de aportes. <\/b>Adem\u00e1s, es condici\u00f3n estar <b>sin ocupaci\u00f3n laboral <\/b> desde una fecha determinada.<\/p>\n<p>La decisi\u00f3n de prolongar en el tiempo la posibilidad de acceder al beneficio fue informada, ante la consulta de LA NACION, por fuentes del <b>Ministerio de Capital Humano. <\/b>La semana pasada, tal como <a href=\"https:\/\/www.lanacion.com.ar\/economia\/vence-en-pocos-dias-la-posibilidad-de-acceder-a-la-jubilacion-anticipada-y-en-el-gobierno-analizan-nid24092025\/\" target=\"_self\" rel=\"\" title=\"https:\/\/www.lanacion.com.ar\/economia\/vence-en-pocos-dias-la-posibilidad-de-acceder-a-la-jubilacion-anticipada-y-en-el-gobierno-analizan-nid24092025\/\">inform\u00f3 este medio,<\/a> se analizaba qu\u00e9 pasos seguir respecto de este sistema.<\/p>\n<p>La llamada <b>\u201cprestaci\u00f3n anticipada por desempleo\u201d<\/b> fue creada por el <a href=\"https:\/\/www.boletinoficial.gob.ar\/detalleAviso\/primera\/250285\/20210930\" target=\"_self\" rel=\"\" title=\"https:\/\/www.boletinoficial.gob.ar\/detalleAviso\/primera\/250285\/20210930\">decreto 674<\/a> a fines de septiembre de 2021. En ese entonces, se dispuso su vigencia por dos a\u00f1os. En 2023 y a trav\u00e9s del <a href=\"https:\/\/www.boletinoficial.gob.ar\/detalleAviso\/primera\/297637\/20231102\" target=\"_self\" rel=\"\" title=\"https:\/\/www.boletinoficial.gob.ar\/detalleAviso\/primera\/297637\/20231102\">decreto 558, <\/a>hubo una <b>pr\u00f3rroga por dos a\u00f1os. <\/b>Seg\u00fan lo establecido en esa segunda norma del Poder Ejecutivo, la medida deja de regir con la finalizaci\u00f3n del mes actual.<\/p>\n<p>Respecto de la nueva extensi\u00f3n del plazo,<b> todav\u00eda no fueron informadas las condiciones.<\/b> Si se replica la medida de pr\u00f3rroga que hubo en 2023, no solo se extender\u00eda por dos a\u00f1os la posibilidad de acceder a la prestaci\u00f3n, sino que se correr\u00eda la fecha a la cual se debe acreditar la situaci\u00f3n de desempleo.<\/p>\n<p>El r\u00e9gimen vigente hasta ma\u00f1ana permite que puedan acceder quienes <b>no tienen empleo desde el 30 de junio de 2023,<\/b> siempre que tengan cumplidas tambi\u00e9n las otras dos condiciones: ser <b>mujer de entre 55 y 59 a\u00f1os, <\/b>o <b>var\u00f3n de entre 60 y 64 a\u00f1os, <\/b>y haber acumulado <b>30 a\u00f1os o m\u00e1s de aportes.<\/b><\/p>\n<p>El monto de la prestaci\u00f3n equivale al <b>80% del haber que se le determina a cada persona<\/b> en particular, en funci\u00f3n de su trayectoria laboral. Al cumplir la edad jubilatoria, se comienza a percibir el 100% del importe.<\/p>\n<p>En el caso de los asalariados, para calcular el haber inicial se considera, en primer lugar, el monto promedio de las <b>\u00faltimas 120 remuneraciones con aportes <\/b>(se les aplica una actualizaci\u00f3n a los valores hist\u00f3ricos); de ese promedio, se estima el 1,5%, y al resultado se lo multiplica por la cantidad de a\u00f1os aportados. A eso se le suma la<b> Prestaci\u00f3n B\u00e1sica Universal (PBU),<\/b> que es un valor fijo, igual para todos, que este mes se ubica en $146.512.<\/p>\n<p>Por <b>ejemplo,<\/b> si el promedio de los salarios resulta de $1,5 millones y hubo 30 a\u00f1os de aportes, el haber inicial ser\u00e1 de $821.512. Si se accediera a la prestaci\u00f3n anticipada, el ingreso mensual ser\u00eda de $657.210. El esquema dispuesto garantiza que se cobre, al menos, el haber m\u00ednimo.<\/p>\n<h2>Las condiciones<\/h2>\n<p>Un dato a tener en cuenta es que el requisito de no tener empleo se extiende durante todo el per\u00edodo del cobro de la prestaci\u00f3n. Si la persona consigue <b>un empleo formal o se anota como monotributista o aut\u00f3nomo, el beneficio deja de percibirse. <\/b><\/p>\n<p>Adem\u00e1s, el cobro es <b>incompatible <\/b>con la percepci\u00f3n de planes sociales, pensiones graciables o no contributivas, jubilaciones, pensiones o retiros civiles o militares, \u201cya sean nacionales, provinciales, de la Ciudad Aut\u00f3noma de Buenos Aires o municipales\u201d, seg\u00fan expresa la norma que cre\u00f3 la prestaci\u00f3n.<\/p>\n<p>Seg\u00fan las particularidades que actualmente tiene el esquema, los aportes requeridos deben haberse hecho <b>de manera efectiva,<\/b> aunque s\u00ed se admite que hayan sido conseguidos por moratoria, solo con la condici\u00f3n de que los pagos para saldarla se hayan efectivizado hasta el 30 de junio de 2023 (eso puede haber ocurrido con la compra de contribuciones seg\u00fan la ley 27.705). Adem\u00e1s, se reconocen per\u00edodos de aportes por los meses de<b> licencia por maternidad <\/b>o en los que se cobr\u00f3 la <b>prestaci\u00f3n por desempleo <\/b>del sistema formal de trabajo.<\/p>\n<p>Para completar el requerimiento de 30 a\u00f1os a los fines de cobrar la jubilaci\u00f3n anticipada, <b>no est\u00e1 habilitada la compra de aportes seg\u00fan el sistema de la ley 27.705,<\/b> que en uno de sus cap\u00edtulos les permite, a las mujeres de entre 50 y 59 a\u00f1os y a los varones de entre 55 y 64 a\u00f1os, adquirir contribuciones a un precio determinado, para completar faltantes y obtener la jubilaci\u00f3n ordinaria.<\/p>\n<h2>El tr\u00e1mite de solicitud<\/h2>\n<p>Para verificar los aportes acumulados en la vida laboral, se puede ingresar en la p\u00e1gina <a href=\"https:\/\/www.anses.gob.ar\/\" rel=\"\" title=\"https:\/\/www.anses.gob.ar\">www.anses.gob.ar<\/a> con la clave personal de la seguridad social, y clikear en la solapa <b>Mi Anses, <\/b>que aparece en la pantalla arriba, a la derecha. Una vez all\u00ed, se debe buscar el apartado referido a \u201cTrabajo\u201d y, luego, elegir \u201cConsultar historia laboral\u201d. <b>All\u00ed se desplegar\u00e1 la historia personal de los aportes.<\/b><\/p>\n<p>Para la solicitud concreta del beneficio, se pide un turno para ir a una Unidad de Atenci\u00f3n Integral (Udai) de la Anses. Ese tr\u00e1mite se hace clikeando en el apartado <b>\u201cInformaci\u00f3n personal\u201d <\/b>y luego en <b>\u201cMis turnos\u201d.<\/b><\/p>\n<\/div>\n","protected":false},"excerpt":{"rendered":"<p>El Gobierno decidi\u00f3 prorrogar el r\u00e9gimen de jubilaci\u00f3n anticipada, que rige desde 2021 y cuya vigencia -seg\u00fan lo<\/p>\n","protected":false},"author":3,"featured_media":0,"comment_status":"closed","ping_status":"closed","sticky":false,"template":"","format":"standard","meta":{"footnotes":""},"categories":[378],"tags":[382,383],"class_list":["post-3501","post","type-post","status-publish","format-standard","hentry","category-noticias","tag-argentina","tag-pais"],"_links":{"self":[{"href":"https:\/\/www.clasicosnoticias.com.ar\/index.php?rest_route=\/wp\/v2\/posts\/3501","targetHints":{"allow":["GET"]}}],"collection":[{"href":"https:\/\/www.clasicosnoticias.com.ar\/index.php?rest_route=\/wp\/v2\/posts"}],"about":[{"href":"https:\/\/www.clasicosnoticias.com.ar\/index.php?rest_route=\/wp\/v2\/types\/post"}],"author":[{"embeddable":true,"href":"https:\/\/www.clasicosnoticias.com.ar\/index.php?rest_route=\/wp\/v2\/users\/3"}],"replies":[{"embeddable":true,"href":"https:\/\/www.clasicosnoticias.com.ar\/index.php?rest_route=%2Fwp%2Fv2%2Fcomments&post=3501"}],"version-history":[{"count":0,"href":"https:\/\/www.clasicosnoticias.com.ar\/index.php?rest_route=\/wp\/v2\/posts\/3501\/revisions"}],"wp:attachment":[{"href":"https:\/\/www.clasicosnoticias.com.ar\/index.php?rest_route=%2Fwp%2Fv2%2Fmedia&parent=3501"}],"wp:term":[{"taxonomy":"category","embeddable":true,"href":"https:\/\/www.clasicosnoticias.com.ar\/index.php?rest_route=%2Fwp%2Fv2%2Fcategories&post=3501"},{"taxonomy":"post_tag","embeddable":true,"href":"https:\/\/www.clasicosnoticias.com.ar\/index.php?rest_route=%2Fwp%2Fv2%2Ftags&post=3501"}],"curies":[{"name":"wp","href":"https:\/\/api.w.org\/{rel}","templated":true}]}}