{"id":3505,"date":"2025-09-29T16:59:14","date_gmt":"2025-09-29T19:59:14","guid":{"rendered":"https:\/\/www.clasicosnoticias.com.ar\/?p=3505"},"modified":"2025-09-29T16:59:14","modified_gmt":"2025-09-29T19:59:14","slug":"soda-stereo-ecos-como-sera-el-show-que-marcara-el-reencuentro-del-trio","status":"publish","type":"post","link":"https:\/\/www.clasicosnoticias.com.ar\/?p=3505","title":{"rendered":"Soda Stereo Ecos: c\u00f3mo ser\u00e1 el show que marcar\u00e1 el \u201creencuentro\u201d del tr\u00edo"},"content":{"rendered":"<div>\n<p>Cinco a\u00f1os despu\u00e9s del comienzo de la gira <b>Soda Stereo Gracias Totales<\/b>, que volvi\u00f3 a reunir en un escenario a <b>Charly Alberti<\/b> y <b>Zeta Bosio<\/b> y a <b>Gustavo Cerati<\/b> desde las pantallas -junto a cantantes invitados-, la productora PopArt anuncia hoy el lanzamiento de <b>Soda Stereo Ecos<\/b>.<\/p>\n<p>Se trata de un show que se realizar\u00e1 el <b>21 de marzo en el Movistar Arena de Buenos Aires<\/b>. Este martes 30, a las 10 de la ma\u00f1ana, se iniciar\u00e1 una preventa exclusiva para los clientes de Banco Galicia hasta agotar stock. La venta se realizar\u00e1 \u00fanicamente en <\/p>\n<p style=\" color:#c9c8cd; font-family:Arial,sans-serif; font-size:14px; line-height:17px; margin-bottom:0; margin-top:8px; overflow:hidden; padding:8px 0 7px; text-align:center; text-overflow:ellipsis; white-space:nowrap;\"><a href=\"https:\/\/www.instagram.com\/p\/DPMuGogj_qy\/?utm_source=ig_embed&amp;utm_campaign=loading\" style=\" color:#c9c8cd; font-family:Arial,sans-serif; font-size:14px; font-style:normal; font-weight:normal; line-height:17px; text-decoration:none;\" target=\"_blank\">A post shared by Soda Stereo (@sodastereo)<\/a><\/p>\n<\/div>\n<\/blockquote>\n<p>Es de esperar que las entradas \u201cvuelen\u201d y r\u00e1pidamente se sumen m\u00e1s fechas. Trat\u00e1ndose de Soda Stereo y de su importancia a nivel continental, seguramente estas primeras fechas activen m\u00e1s temprano que tarde una gira por Latinoam\u00e9rica. <\/p>\n<\/div>\n","protected":false},"excerpt":{"rendered":"<p>Cinco a\u00f1os despu\u00e9s del comienzo de la gira Soda Stereo Gracias Totales, que volvi\u00f3 a reunir en un<\/p>\n","protected":false},"author":3,"featured_media":0,"comment_status":"closed","ping_status":"closed","sticky":false,"template":"","format":"standard","meta":{"footnotes":""},"categories":[378],"tags":[382,383],"class_list":["post-3505","post","type-post","status-publish","format-standard","hentry","category-noticias","tag-argentina","tag-pais"],"_links":{"self":[{"href":"https:\/\/www.clasicosnoticias.com.ar\/index.php?rest_route=\/wp\/v2\/posts\/3505","targetHints":{"allow":["GET"]}}],"collection":[{"href":"https:\/\/www.clasicosnoticias.com.ar\/index.php?rest_route=\/wp\/v2\/posts"}],"about":[{"href":"https:\/\/www.clasicosnoticias.com.ar\/index.php?rest_route=\/wp\/v2\/types\/post"}],"author":[{"embeddable":true,"href":"https:\/\/www.clasicosnoticias.com.ar\/index.php?rest_route=\/wp\/v2\/users\/3"}],"replies":[{"embeddable":true,"href":"https:\/\/www.clasicosnoticias.com.ar\/index.php?rest_route=%2Fwp%2Fv2%2Fcomments&post=3505"}],"version-history":[{"count":0,"href":"https:\/\/www.clasicosnoticias.com.ar\/index.php?rest_route=\/wp\/v2\/posts\/3505\/revisions"}],"wp:attachment":[{"href":"https:\/\/www.clasicosnoticias.com.ar\/index.php?rest_route=%2Fwp%2Fv2%2Fmedia&parent=3505"}],"wp:term":[{"taxonomy":"category","embeddable":true,"href":"https:\/\/www.clasicosnoticias.com.ar\/index.php?rest_route=%2Fwp%2Fv2%2Fcategories&post=3505"},{"taxonomy":"post_tag","embeddable":true,"href":"https:\/\/www.clasicosnoticias.com.ar\/index.php?rest_route=%2Fwp%2Fv2%2Ftags&post=3505"}],"curies":[{"name":"wp","href":"https:\/\/api.w.org\/{rel}","templated":true}]}}