{"id":3740,"date":"2025-10-02T18:26:53","date_gmt":"2025-10-02T21:26:53","guid":{"rendered":"https:\/\/www.clasicosnoticias.com.ar\/?p=3740"},"modified":"2025-10-02T18:26:53","modified_gmt":"2025-10-02T21:26:53","slug":"marcha-del-2-de-octubre-en-cdmx-en-vivo-manifestantes-inician-su-recorrido-sobre-avenida-juarez","status":"publish","type":"post","link":"https:\/\/www.clasicosnoticias.com.ar\/?p=3740","title":{"rendered":"Marcha del 2 de octubre en CDMX en vivo: manifestantes inician su recorrido sobre Avenida Ju\u00e1rez"},"content":{"rendered":"<div><imgsrc=\"\" alt=\"Cr\u00e9dito: Cuartoscuro\" height=\"1080\" width=\"1920\"><\/p>\n<p>Manifestantes se agrupan en Calzada de los Gallos a la altura de Avenida de los Maestros, alcald\u00eda Miguel Hidalgo.<\/p>\n<p>Inician movilizaciones sobre Avenida Ju\u00e1rez en direcci\u00f3n a Eje Central L\u00e1zaro C\u00e1rdenas<\/p>\n<p>Reanudan circulaci\u00f3n en Avenida Ni\u00f1os H\u00e9roes y Balderas<\/p>\n<p>Manifestantes se agrupan en las inmediaciones de la Plaza de las Tres Culturas en Tlatelolco.<\/p>\n<p>Estaciones del Metro Z\u00f3calo (l\u00ednea 2) y Pino Su\u00e1rez (l\u00edneas 1 y 2) se encuentran cerradas. San Juan de Letr\u00e1n, Bellas Artes y Allende, cercanas a la Plaza de la Constituci\u00f3n, operan con normalidad.<\/p>\n<p>\/mexico\/2023\/10\/02\/cuando-y-de-que-murio-el-ex-presidente-gustavo-diaz-ordaz\/<\/p>\n<p>\/historia\/2025\/09\/01\/esta-fue-la-amenaza-que-hizo-gustavo-diaz-ordaz-en-su-informe-de-gobierno-del-68\/<\/p>\n<p>\/mexico\/2025\/10\/01\/2-de-octubre-no-se-olvida-cdmx-alista-actividades-conmemorativas-por-el-movimiento-estudiantil-del-68\/<\/p>\n<p>\/mexico\/2025\/10\/02\/brugada-encabezo-acto-conmemorativo-a-57-anos-de-la-masacre-estudiantil-del-68-fue-un-parteaguas-y-un-despertar-social\/<\/p>\n<p>\/mexico\/2025\/10\/02\/servicio-del-metrobus-cuales-son-las-estaciones-cerradas-en-la-ultima-hora-de-este-2-de-octubre\/<\/p>\n<p>\/mexico\/2025\/10\/02\/a-que-hora-y-donde-inicia-la-marcha-del-2-de-octubre-en-la-cdmx\/<\/p>\n<p>Manifestantes hacen preparativos para marchar sobre Avenida Ju\u00e1rez<\/p>\n<p>Bloqueos sobre Calzada del hueso y Calzada de las bombas, en Avenida Ni\u00f1os H\u00e9roes y Dr. R\u00edo de la Loza<\/p>\n<\/div>\n","protected":false},"excerpt":{"rendered":"<div>Las movilizaciones se hacen en honor a la Masacre de Tlatelolco<\/div>\n","protected":false},"author":1,"featured_media":0,"comment_status":"closed","ping_status":"closed","sticky":false,"template":"","format":"standard","meta":{"footnotes":""},"categories":[377],"tags":[],"class_list":["post-3740","post","type-post","status-publish","format-standard","hentry","category-musica"],"_links":{"self":[{"href":"https:\/\/www.clasicosnoticias.com.ar\/index.php?rest_route=\/wp\/v2\/posts\/3740","targetHints":{"allow":["GET"]}}],"collection":[{"href":"https:\/\/www.clasicosnoticias.com.ar\/index.php?rest_route=\/wp\/v2\/posts"}],"about":[{"href":"https:\/\/www.clasicosnoticias.com.ar\/index.php?rest_route=\/wp\/v2\/types\/post"}],"author":[{"embeddable":true,"href":"https:\/\/www.clasicosnoticias.com.ar\/index.php?rest_route=\/wp\/v2\/users\/1"}],"replies":[{"embeddable":true,"href":"https:\/\/www.clasicosnoticias.com.ar\/index.php?rest_route=%2Fwp%2Fv2%2Fcomments&post=3740"}],"version-history":[{"count":0,"href":"https:\/\/www.clasicosnoticias.com.ar\/index.php?rest_route=\/wp\/v2\/posts\/3740\/revisions"}],"wp:attachment":[{"href":"https:\/\/www.clasicosnoticias.com.ar\/index.php?rest_route=%2Fwp%2Fv2%2Fmedia&parent=3740"}],"wp:term":[{"taxonomy":"category","embeddable":true,"href":"https:\/\/www.clasicosnoticias.com.ar\/index.php?rest_route=%2Fwp%2Fv2%2Fcategories&post=3740"},{"taxonomy":"post_tag","embeddable":true,"href":"https:\/\/www.clasicosnoticias.com.ar\/index.php?rest_route=%2Fwp%2Fv2%2Ftags&post=3740"}],"curies":[{"name":"wp","href":"https:\/\/api.w.org\/{rel}","templated":true}]}}