{"id":3770,"date":"2025-10-02T18:26:06","date_gmt":"2025-10-02T21:26:06","guid":{"rendered":"https:\/\/www.clasicosnoticias.com.ar\/?p=3770"},"modified":"2025-10-02T18:26:06","modified_gmt":"2025-10-02T21:26:06","slug":"con-espert-en-el-publico-milei-presenta-en-la-carcel-de-ezeiza-un-nuevo-codigo-penal-que-endurece-penas","status":"publish","type":"post","link":"https:\/\/www.clasicosnoticias.com.ar\/?p=3770","title":{"rendered":"Con Espert en el p\u00fablico, Milei presenta en la c\u00e1rcel de Ezeiza un nuevo C\u00f3digo Penal que endurece penas"},"content":{"rendered":"<div>\n<p>El presidente <b>Javier Milei<\/b> presenta esta tarde junto a la ministra de Seguridad, <b>Patricia Bullrich<\/b>, en la<b> c\u00e1rcel de Ezeiza<\/b>, el env\u00edo al Congreso de un proyecto de reforma del <b>C\u00f3digo Penal<\/b> que incluye castigos m\u00e1s severos al accionar delictivo. <\/p>\n<p>Bullrich fue la primera oradora del acto oficial y anunci\u00f3 que se elevar\u00e1n las penas para todos los delitos, no solo los graves, y afirm\u00f3 que ser\u00e1n<b> imprescriptibles<\/b> los delitos de tr\u00e1fico de drogas, terrorismo, financiamiento del terrorismo, promoci\u00f3n sexual infantil, secuestro extorsivo y los <b>\u201catentados contra de la democracia\u201d<\/b>.<\/p>\n<p>El candidato bonaerense <b>Jos\u00e9 Luis Espert<\/b>,<b> <\/b>que se encuentra en medio de la pol\u00e9mica por los supuestos aportes de campa\u00f1a en 2019 por parte de un empresario acusado de narco, se ubica en la segunda fila del p\u00fablico,<b> en una nueva muestra de respaldo presidencial.<\/b><\/p>\n<p>La iniciativa introduce cambios en la <b>libertad condicional<\/b>, los <b>delitos patrimoniales<\/b>, el <b>crimen organizado<\/b> y las<b> manifestaciones<\/b>. La presentaci\u00f3n est\u00e1 a cargo del presidente Milei y de Bullrich, mientras que tambi\u00e9n lo acompa\u00f1a el ministros de Justicia, <b>Mariano C\u00faneo Libarona<\/b>, pero debajo del palco central. <\/p>\n<p>El nuevo proyecto de C\u00f3digo Penal viene a reemplazar <b>el actual texto vigente desde 1921<\/b>, -m\u00e1s de 100 a\u00f1os- que tuvo cientos de parches, por lo que se pretende con la norma<b> <\/b>depurar las viejas conductas ya no penadas, penar nuevas y hacer congruentes las penas.<\/p>\n<p>Milei fue el que eligi\u00f3 el lugar para presentar el nuevo C\u00f3digo Penal, la c\u00e1rcel de Ezeiza, como <b>mensaje simb\u00f3lico<\/b> de que \u201cel que las hace las paga\u201d, uno de las consignas del Gobierno, que suele repetir la ministra Bullrich.<\/p>\n<p>A un lado del escenario donde se sentaron Milei y Bullrich se desplegaron unos 100 efectivos de la<b> Polic\u00eda de Seguridad Aeroportuaria<\/b> y del <b>Servicio Penitenciario Federal<\/b>, algunos de ellos con los cascos y escudos antimotines.<\/p>\n<p><b>Noticia en desarrollo<\/b><\/p>\n<\/div>\n","protected":false},"excerpt":{"rendered":"<p>El presidente Javier Milei presenta esta tarde junto a la ministra de Seguridad, Patricia Bullrich, en la c\u00e1rcel<\/p>\n","protected":false},"author":3,"featured_media":0,"comment_status":"closed","ping_status":"closed","sticky":false,"template":"","format":"standard","meta":{"footnotes":""},"categories":[378],"tags":[382,383],"class_list":["post-3770","post","type-post","status-publish","format-standard","hentry","category-noticias","tag-argentina","tag-pais"],"_links":{"self":[{"href":"https:\/\/www.clasicosnoticias.com.ar\/index.php?rest_route=\/wp\/v2\/posts\/3770","targetHints":{"allow":["GET"]}}],"collection":[{"href":"https:\/\/www.clasicosnoticias.com.ar\/index.php?rest_route=\/wp\/v2\/posts"}],"about":[{"href":"https:\/\/www.clasicosnoticias.com.ar\/index.php?rest_route=\/wp\/v2\/types\/post"}],"author":[{"embeddable":true,"href":"https:\/\/www.clasicosnoticias.com.ar\/index.php?rest_route=\/wp\/v2\/users\/3"}],"replies":[{"embeddable":true,"href":"https:\/\/www.clasicosnoticias.com.ar\/index.php?rest_route=%2Fwp%2Fv2%2Fcomments&post=3770"}],"version-history":[{"count":0,"href":"https:\/\/www.clasicosnoticias.com.ar\/index.php?rest_route=\/wp\/v2\/posts\/3770\/revisions"}],"wp:attachment":[{"href":"https:\/\/www.clasicosnoticias.com.ar\/index.php?rest_route=%2Fwp%2Fv2%2Fmedia&parent=3770"}],"wp:term":[{"taxonomy":"category","embeddable":true,"href":"https:\/\/www.clasicosnoticias.com.ar\/index.php?rest_route=%2Fwp%2Fv2%2Fcategories&post=3770"},{"taxonomy":"post_tag","embeddable":true,"href":"https:\/\/www.clasicosnoticias.com.ar\/index.php?rest_route=%2Fwp%2Fv2%2Ftags&post=3770"}],"curies":[{"name":"wp","href":"https:\/\/api.w.org\/{rel}","templated":true}]}}