{"id":3772,"date":"2025-10-02T18:27:24","date_gmt":"2025-10-02T21:27:24","guid":{"rendered":"https:\/\/www.clasicosnoticias.com.ar\/?p=3772"},"modified":"2025-10-02T18:27:24","modified_gmt":"2025-10-02T21:27:24","slug":"triple-crimen-uno-por-uno-quien-es-quien-dentro-los-9-detenidos-por-los-asesinatos-y-de-que-se-los-acusa","status":"publish","type":"post","link":"https:\/\/www.clasicosnoticias.com.ar\/?p=3772","title":{"rendered":"Triple crimen: uno por uno, qui\u00e9n es qui\u00e9n dentro los 9 detenidos por los asesinatos y de qu\u00e9 se los acusa"},"content":{"rendered":"<div>\n<p>Con los arrestos de Tony Janzen Valverde Victoriano, alias \u201c<b>Peque\u00f1o J<\/b>\u201d, y su ladero, <b>Mat\u00edas Ozorio<\/b>, el n\u00famero de detenidos por <a href=\"https:\/\/www.lanacion.com.ar\/seguridad\/triple-crimen-que-se-sabe-del-traslado-de-matias-ozorio-y-como-avanza-la-investigacion-este-nid02102025\/\" target=\"_self\" rel=\"\" title=\"https:\/\/www.lanacion.com.ar\/seguridad\/triple-crimen-que-se-sabe-del-traslado-de-matias-ozorio-y-como-avanza-la-investigacion-este-nid02102025\/\">la causa del triple crimen se elev\u00f3 a <b>nueve.<\/b><\/a><b> <\/b><\/p>\n<p>Excepto <b>Ariel Gim\u00e9nez <\/b>-imputado por encubrimiento del triple homicidio- el resto de los arrestados fueron acusados de su presunta responsabilidad en \u201ctres hechos de homicidio triplemente calificado por ser cometido por alevos\u00eda, con el concurso premeditado de dos o m\u00e1s personas y por ser cometido por por un hombre contra una mujer mediante violencia de g\u00e9nero\u201d.<\/p>\n<p>Ciertos pormenores de <b>los asesinatos de Brenda, Morena y Lara <\/b>y las circunstancias del hallazgo de sus cuerpos mutilados en el jard\u00edn de un casa de Florencio Varela condujeron a los especialistas a considerar a los autores del crimen como integrantes de <a href=\"https:\/\/www.lanacion.com.ar\/seguridad\/triple-crimen-una-perfiladora-criminal-aseguro-que-pequeno-j-es-igual-de-descartable-que-sus-nid29092025\/\" target=\"_self\" rel=\"\" title=\"https:\/\/www.lanacion.com.ar\/seguridad\/triple-crimen-una-perfiladora-criminal-aseguro-que-pequeno-j-es-igual-de-descartable-que-sus-nid29092025\/\">\u201cuna banda narco emergente<\/a>\u201d o personas con v\u00ednculos con esta organizaci\u00f3n criminal supuestamente liderada por <b>Peque\u00f1o J\u201d.<\/b><\/p>\n<h1>Perfil de los detenidos<\/h1>\n<p>&#8220;<a href=\"https:\/\/www.lanacion.com.ar\/seguridad\/quien-es-pequeno-j-el-principal-detenido-por-el-triple-crimen-de-florencio-varela-nid01102025\/\" target=\"_self\" rel=\"\" title=\"https:\/\/www.lanacion.com.ar\/seguridad\/quien-es-pequeno-j-el-principal-detenido-por-el-triple-crimen-de-florencio-varela-nid01102025\/\">Peque\u00f1o J<\/a>\u201c, un joven peruano de 20 a\u00f1os, <b>es sindicado como el principal responsable del triple crimen<\/b> que sacudi\u00f3 a Florencio Varela. Las pesquisas lo ubicaban operando desde las villas 21-24 y la Zabaleta, en un contexto de disputa narco. El \u201dPeque\u00f1o J&#8221; <b>es hijo de Janzen Valverde Rodr\u00edguez, cabecilla de la banda Los Injertos de Nuevo Jerusal\u00e9n,<\/b> surgida en La Esperanza, al norte de Per\u00fa. Su padre fue arrestado en reiteradas oportunidades por delitos de extorsi\u00f3n y narcotr\u00e1fico, hasta que en 2018 fue asesinado por un sicario rival.<\/p>\n<p>El entonces adolescente de 13 a\u00f1os adopt\u00f3 el apodo de \u201cPeque\u00f1o J\u201d como homenaje a su progenitor. Adem\u00e1s, sus t\u00edos Luis y Manuel tambi\u00e9n tienen antecedentes judiciales. En 2020, con 15 a\u00f1os, se instal\u00f3 en la Argentina, aunque regres\u00f3 a su pa\u00eds cuando percibi\u00f3 que estaba siendo investigado. Fue apresado en Pucusana, una zona de pescadores y de balnearios, situada a 70 kil\u00f3metros de Lima cuando se desplazaba en un cami\u00f3n.<\/p>\n<h1>Mat\u00edas Agust\u00edn Ozorio<\/h1>\n<p>El ladero de \u201cPeque\u00f1o J\u201d, un argentino de 28 a\u00f1os, <a href=\"https:\/\/www.lanacion.com.ar\/seguridad\/triple-crimen-que-se-sabe-del-traslado-de-matias-ozorio-y-como-avanza-la-investigacion-este-nid02102025\/\" target=\"_self\" rel=\"\" title=\"https:\/\/www.lanacion.com.ar\/seguridad\/triple-crimen-que-se-sabe-del-traslado-de-matias-ozorio-y-como-avanza-la-investigacion-este-nid02102025\/\">fue detenido el martes <\/a>y se espera para este jueves <a href=\"https:\/\/www.lanacion.com.ar\/seguridad\/asi-partio-la-comitiva-que-traera-desde-peru-al-lugarteniente-de-pequeno-j-nid02102025\/\" target=\"_self\" rel=\"\" title=\"https:\/\/www.lanacion.com.ar\/seguridad\/asi-partio-la-comitiva-que-traera-desde-peru-al-lugarteniente-de-pequeno-j-nid02102025\/\">su extradici\u00f3n<\/a>. Con ese objetivo, una comitiva oficial lo traer\u00e1 desde Per\u00fa a la Argentina. Una familiar hizo declaraciones, en anonimato, ante la prensa sobre su personalidad. \u201cMat\u00edas estaba metido con las criptomonedas y deb\u00eda mucha plata. Ten\u00eda un trabajo en el hospital Italiano, donde cobraba muy bien. Se hizo echar para cobrar una indemnizaci\u00f3n e invirti\u00f3 todo ese dinero\u201d, asegur\u00f3. En ese sentido, lo consider\u00f3 <b>un \u201cperejil m\u00e1s\u201d en el hecho. <\/b>\u201cAc\u00e1 hay alguien mucho m\u00e1s fuerte detr\u00e1s de esto\u201d.<\/p>\n<h1>Ariel Gim\u00e9nez<\/h1>\n<p>El s\u00e1bado un joven de 29 a\u00f1os <b>fue capturado acusado de enterrar los cuerpos de Brenda, Morena y Lara.<\/b> El lunes se neg\u00f3 a declarar ante el <a href=\"https:\/\/www.lanacion.com.ar\/seguridad\/el-fiscal-del-triple-crimen-revelo-que-el-ladero-de-pequeno-j-figura-como-coautor-del-hecho-y-dio-nid02102025\/\" target=\"_self\" rel=\"\" title=\"https:\/\/www.lanacion.com.ar\/seguridad\/el-fiscal-del-triple-crimen-revelo-que-el-ladero-de-pequeno-j-figura-como-coautor-del-hecho-y-dio-nid02102025\/\">fiscal Adri\u00e1n Arribas. <\/a>Para los investigadores, el encargo de cavar la fosa y la preparaci\u00f3n del terreno antes de los asesinatos constituyen un indicio clave de premeditaci\u00f3n. En la escena se constat\u00f3, adem\u00e1s, que el entierro se complet\u00f3 con una cobertura de hormig\u00f3n, un elemento que, seg\u00fan fuentes del caso, tambi\u00e9n apunta a una maniobra pensada para demorar o impedir el hallazgo.<\/p>\n<p><img loading=\"lazy\" decoding=\"async\" src=\"https:\/\/resizer.glanacion.com\/resizer\/v2\/JSQ2YWWCCRCHFEYU4GWT4VKUPY.jpg?auth=718845a8f59dc27428cb968e7abbbadebf0f4a09c1c9c44dd0c862b5d93dde18&amp;smart=true&amp;width=2000&amp;height=1333\" alt=\"Detuvieron al que hizo el pozo y enterr\u00f3 a las v\u00edctimas\n\" height=\"1333\" width=\"2000\"><\/p>\n<h1>Florencia Ib\u00e1\u00f1ez y L\u00e1zaro V\u00edctor Sotacuro<\/h1>\n<p>Ambos <b>son lo \u00fanicos detenidos que, hasta el momento, declararon<\/b> ante el fiscal Arribas. Se cree que la joven ofreci\u00f3 <b>soporte log\u00edstico<\/b> a su t\u00edo detenido, Sotacuro (remisero), qui\u00e9n habr\u00eda participado en el <a href=\"https:\/\/www.lanacion.com.ar\/seguridad\/el-abogado-de-morena-aseguro-que-victor-sotacuro-conocia-a-las-chicas-hay-videos-con-las-tres-nid01102025\/\" target=\"_self\" rel=\"\" title=\"https:\/\/www.lanacion.com.ar\/seguridad\/el-abogado-de-morena-aseguro-que-victor-sotacuro-conocia-a-las-chicas-hay-videos-con-las-tres-nid01102025\/\">traslado de las v\u00edctimas <\/a>hasta la vivienda en Florencio Varela, donde fueron ejecutadas. Fueron registrados por una c\u00e1mara de seguridad a bordo de una Volkswagen Fox blanca durante la noche del crimen. <b>La polic\u00eda busca al tercer ocupante.<\/b><\/p>\n<p>Tanto Ib\u00e1\u00f1ez como Sotacuro habr\u00edan aportado <b>\u201cinformaci\u00f3n sensible\u201d <\/b>que contribuy\u00f3 a las detenciones de &#8220;<a href=\"https:\/\/www.lanacion.com.ar\/seguridad\/triple-crimen-que-se-sabe-del-traslado-de-matias-ozorio-y-como-avanza-la-investigacion-este-nid02102025\/\" target=\"_self\" rel=\"\" title=\"https:\/\/www.lanacion.com.ar\/seguridad\/triple-crimen-que-se-sabe-del-traslado-de-matias-ozorio-y-como-avanza-la-investigacion-este-nid02102025\/\">Peque\u00f1o J&#8221; y Ozorio.<\/a><\/p>\n<h1>Las dos parejas de la casa del horror <\/h1>\n<p>El martes pasado, cuando se hizo un procedimiento de urgencia en el domicilio -donde finalmente fueron encontrados los cuerpos de las v\u00edctimas- se detuvo a <a href=\"https:\/\/www.lanacion.com.ar\/sociedad\/quienes-eran-brenda-morena-y-lara-las-tres-chicas-que-fueron-encontrados-muertas-en-florencio-varela-nid24092025\/\" target=\"_self\" rel=\"\" title=\"https:\/\/www.lanacion.com.ar\/sociedad\/quienes-eran-brenda-morena-y-lara-las-tres-chicas-que-fueron-encontrados-muertas-en-florencio-varela-nid24092025\/\"><b>cuatro sospechosos:<\/b> <\/a>dos parejas, una propietaria de la casa ubicada en J\u00e1chal y Cha\u00f1ar, y otra encargada de limpiar la escena del crimen. Ellos son <b>Andr\u00e9s Parra, Miguel Villanueva Silva, Celeste Gonz\u00e1lez Guerrero y Daniela Ibarra.<\/b> <\/p>\n<p>Los cuatro mantuvieron el silencio durante las indagatorias. <b>Todos est\u00e1n alojados en el complejo de Melchor Romero,<\/b> en la periferia de La Plata.<\/p>\n<\/div>\n","protected":false},"excerpt":{"rendered":"<p>Con los arrestos de Tony Janzen Valverde Victoriano, alias \u201cPeque\u00f1o J\u201d, y su ladero, Mat\u00edas Ozorio, el n\u00famero<\/p>\n","protected":false},"author":3,"featured_media":0,"comment_status":"closed","ping_status":"closed","sticky":false,"template":"","format":"standard","meta":{"footnotes":""},"categories":[378],"tags":[382,383],"class_list":["post-3772","post","type-post","status-publish","format-standard","hentry","category-noticias","tag-argentina","tag-pais"],"_links":{"self":[{"href":"https:\/\/www.clasicosnoticias.com.ar\/index.php?rest_route=\/wp\/v2\/posts\/3772","targetHints":{"allow":["GET"]}}],"collection":[{"href":"https:\/\/www.clasicosnoticias.com.ar\/index.php?rest_route=\/wp\/v2\/posts"}],"about":[{"href":"https:\/\/www.clasicosnoticias.com.ar\/index.php?rest_route=\/wp\/v2\/types\/post"}],"author":[{"embeddable":true,"href":"https:\/\/www.clasicosnoticias.com.ar\/index.php?rest_route=\/wp\/v2\/users\/3"}],"replies":[{"embeddable":true,"href":"https:\/\/www.clasicosnoticias.com.ar\/index.php?rest_route=%2Fwp%2Fv2%2Fcomments&post=3772"}],"version-history":[{"count":0,"href":"https:\/\/www.clasicosnoticias.com.ar\/index.php?rest_route=\/wp\/v2\/posts\/3772\/revisions"}],"wp:attachment":[{"href":"https:\/\/www.clasicosnoticias.com.ar\/index.php?rest_route=%2Fwp%2Fv2%2Fmedia&parent=3772"}],"wp:term":[{"taxonomy":"category","embeddable":true,"href":"https:\/\/www.clasicosnoticias.com.ar\/index.php?rest_route=%2Fwp%2Fv2%2Fcategories&post=3772"},{"taxonomy":"post_tag","embeddable":true,"href":"https:\/\/www.clasicosnoticias.com.ar\/index.php?rest_route=%2Fwp%2Fv2%2Ftags&post=3772"}],"curies":[{"name":"wp","href":"https:\/\/api.w.org\/{rel}","templated":true}]}}